{"id":48986,"date":"2023-04-28T06:05:05","date_gmt":"2023-04-28T10:05:05","guid":{"rendered":"https:\/\/jms.com.bo\/mediamonitor\/2023\/04\/28\/bcb-dice-que-hay-bs-3-775-mm-para-inyectar-a-la-economia-y-promete-precautelar-estabilidad\/"},"modified":"2023-04-28T06:05:05","modified_gmt":"2023-04-28T10:05:05","slug":"bcb-dice-que-hay-bs-3-775-mm-para-inyectar-a-la-economia-y-promete-precautelar-estabilidad","status":"publish","type":"post","link":"https:\/\/jms.com.bo\/mediamonitor\/2023\/04\/28\/bcb-dice-que-hay-bs-3-775-mm-para-inyectar-a-la-economia-y-promete-precautelar-estabilidad\/","title":{"rendered":"BCB dice que hay Bs 3.775 MM para inyectar a la econom\u00eda y promete precautelar estabilidad"},"content":{"rendered":"<p style=\"text-align: justify;\">El Banco Central de Bolivia (BCB) comprometi\u00f3 para este a\u00f1o su apoyo al crecimiento econ\u00f3mico y precautelar la estabilidad cambiaria y precios; adem\u00e1s asegur\u00f3 que para inyectar a la econom\u00eda existen recursos disponibles por 3.775 millones de bolivianos.<\/p>\n<p style=\"text-align: justify;\">El ente emisor realiz\u00f3 este jueves 27 de abril su Audiencia P\u00fablica de Rendici\u00f3n de Cuentas Inicial 2023 en la que se expuso los resultados de las pol\u00edticas implementadas durante la gesti\u00f3n 2022, en un contexto internacional desafiante, y los objetivos macroecon\u00f3micos y administrativos del Ente Emisor para la presente gesti\u00f3n.<\/p>\n<p style=\"text-align: justify;\">El presidente del BCB, Edwin Rojas, explic\u00f3 que las pol\u00edticas monetarias convencionales y no convencionales implementadas durante 2022 dinamizaron la actividad econ\u00f3mica, y aseguraron la liquidez y la estabilidad financiera.<\/p>\n<p style=\"text-align: justify;\">De esa manera se garantiz\u00f3 un crecimiento econ\u00f3mico de 4,3% al tercer trimestre, la inflaci\u00f3n se mantuvo controlada en torno al 3,1% y el d\u00e9ficit fiscal que se situ\u00f3 en 7,2% del PIB por debajo del programado (8,5%).<\/p>\n<p style=\"text-align: justify;\">Adelant\u00f3 que el BCB apoyar\u00e1 este a\u00f1o el crecimiento econ\u00f3mico mediante su pol\u00edtica monetaria a trav\u00e9s de instrumentos convencionales y no convencionales, cuidando la estabilidad de precios.<\/p>\n<p style=\"text-align: justify;\">Para ello, habr\u00e1 constantes evaluaciones para ampliar y\/o re-direccionar los recursos de los fondos (CPVIS, CAPROSEN, FIUSEER Y CPRO) y dinamizar a los sectores estrat\u00e9gicos. \u201cA la fecha, los recursos disponibles para inyectar a la econom\u00eda alcanzan a 3.775 millones de bolivianos\u201d, resalt\u00f3.<\/p>\n<p style=\"text-align: justify;\">El Fondo para Cr\u00e9ditos destinados al Sector Productivo y a Vivienda de Inter\u00e9s Social II (Fondo CPVIS II) est\u00e1 constituido con los recursos liberados por las modificaciones al Reglamento de Encaje Legal del 24 de abril de 2018 y los aportes voluntarios.<\/p>\n<p style=\"text-align: justify;\">El Fondo para cr\u00e9ditos destinados al sector productivo (CPRO) se constituye en el BCB con los recursos del Fondo RAL disponibles luego de la aplicaci\u00f3n de las tasas de encaje legal vigentes a partir del 10 de enero de 2022 y\/o aportes voluntarios. El Fondo Caprosen tambi\u00e9n se constituy\u00f3 con la disminuci\u00f3n de las tasas de encaje legal.<\/p>\n<p style=\"text-align: justify;\">El BCB tambi\u00e9n inform\u00f3 que continuar\u00e1 con el financiamiento del Fideicomiso de Apoyo a la Reactivaci\u00f3n de la Inversi\u00f3n P\u00fablica (FARIP), destinado a financiar proyectos de inversi\u00f3n p\u00fablica de las Entidades Territoriales Aut\u00f3nomas y con el apoyo a las empresas p\u00fablicas para lograr la soberan\u00eda energ\u00e9tica.<\/p>\n<p style=\"text-align: justify;\">Asegur\u00f3 que actualmente estas empresas se encuentran cumpliendo de manera oportuna con los pagos de intereses y capital, seg\u00fan los contratos y planes de pago establecidos.<\/p>\n<p style=\"text-align: justify;\">Sobre las Reservas Internacionales Netas (RIN), el BCB simplemente inform\u00f3 que en un contexto de alta volatilidad en los mercados financieros internacionales, se seguir\u00e1 invirtiendo las mismas precautelando criterios de seguridad y liquidez de las inversiones.<\/p>\n<p style=\"text-align: justify;\">Tambi\u00e9n destac\u00f3 la importancia de que se apruebe la Ley de Compra del Oro destinado al Fortalecimiento de las Reservas Internacionales Netas.<\/p>\n","protected":false},"excerpt":{"rendered":"<p>El Banco Central de Bolivia (BCB) comprometi\u00f3 para este a\u00f1o su apoyo al crecimiento econ\u00f3mico y precautelar la estabilidad cambiaria y precios; adem\u00e1s asegur\u00f3 que para inyectar a la econom\u00eda existen recursos disponibles por 3.775 millones de bolivianos. El ente emisor realiz\u00f3 este jueves 27 de abril su Audiencia P\u00fablica de Rendici\u00f3n de Cuentas Inicial [&hellip;]<\/p>\n","protected":false},"author":4,"featured_media":48987,"comment_status":"open","ping_status":"closed","sticky":false,"template":"","format":"standard","meta":{"footnotes":""},"categories":[25],"tags":[],"class_list":{"0":"post-48986","1":"post","2":"type-post","3":"status-publish","4":"format-standard","5":"has-post-thumbnail","7":"category-economia"},"_links":{"self":[{"href":"https:\/\/jms.com.bo\/mediamonitor\/wp-json\/wp\/v2\/posts\/48986","targetHints":{"allow":["GET"]}}],"collection":[{"href":"https:\/\/jms.com.bo\/mediamonitor\/wp-json\/wp\/v2\/posts"}],"about":[{"href":"https:\/\/jms.com.bo\/mediamonitor\/wp-json\/wp\/v2\/types\/post"}],"author":[{"embeddable":true,"href":"https:\/\/jms.com.bo\/mediamonitor\/wp-json\/wp\/v2\/users\/4"}],"replies":[{"embeddable":true,"href":"https:\/\/jms.com.bo\/mediamonitor\/wp-json\/wp\/v2\/comments?post=48986"}],"version-history":[{"count":0,"href":"https:\/\/jms.com.bo\/mediamonitor\/wp-json\/wp\/v2\/posts\/48986\/revisions"}],"wp:featuredmedia":[{"embeddable":true,"href":"https:\/\/jms.com.bo\/mediamonitor\/wp-json\/wp\/v2\/media\/48987"}],"wp:attachment":[{"href":"https:\/\/jms.com.bo\/mediamonitor\/wp-json\/wp\/v2\/media?parent=48986"}],"wp:term":[{"taxonomy":"category","embeddable":true,"href":"https:\/\/jms.com.bo\/mediamonitor\/wp-json\/wp\/v2\/categories?post=48986"},{"taxonomy":"post_tag","embeddable":true,"href":"https:\/\/jms.com.bo\/mediamonitor\/wp-json\/wp\/v2\/tags?post=48986"}],"curies":[{"name":"wp","href":"https:\/\/api.w.org\/{rel}","templated":true}]}}