{"id":48988,"date":"2023-04-28T06:06:30","date_gmt":"2023-04-28T10:06:30","guid":{"rendered":"https:\/\/jms.com.bo\/mediamonitor\/2023\/04\/28\/camara-de-comercio-advierte-que-el-incremento-salarial-causara-una-subida-de-precios-y-debilita-al-empleo\/"},"modified":"2023-04-28T06:06:30","modified_gmt":"2023-04-28T10:06:30","slug":"camara-de-comercio-advierte-que-el-incremento-salarial-causara-una-subida-de-precios-y-debilita-al-empleo","status":"publish","type":"post","link":"https:\/\/jms.com.bo\/mediamonitor\/2023\/04\/28\/camara-de-comercio-advierte-que-el-incremento-salarial-causara-una-subida-de-precios-y-debilita-al-empleo\/","title":{"rendered":"C\u00e1mara de Comercio advierte que el incremento salarial causar\u00e1 una subida de precios y debilita al empleo"},"content":{"rendered":"<p style=\"text-align: justify;\">El incremento salarial del 3% al haber b\u00e1sico y del 5% al m\u00ednimo nacional puede ocasionar causar p\u00e9rdida de empleos y una escalada inflacionaria que sobrepase la reposici\u00f3n acordada por el Gobierno y la Central Obrera Boliviana (COB), afirm\u00f3 el nuevo presidente de la C\u00e1mara Nacional de Comercio (CNC), Jaime Ascarrunz.<\/p>\n<p style=\"text-align: justify;\">Posesionado hoy en el cargo, Ascarrunz lament\u00f3 que no se haya dado el di\u00e1logo tripartito recomendado para temas salariales por la Organizaci\u00f3n Internacional del Trabajo (OIT) y que el alza salarial se haya decidido en un momento en el que Bolivia \u201cest\u00e1 atravesando una situaci\u00f3n compleja\u201d.<\/p>\n<p style=\"text-align: justify;\">\u201cEl 85% de los trabajadores del pa\u00eds no son asalariados y van a tener que procurarse el incremento salarial por s\u00ed mismos. Esto se va a traducir en un incremento de precios que no necesariamente va a guardar relaci\u00f3n con el 3 y 5% indicado, sino que va a sobrepasar\u201d esos porcentajes, afirm\u00f3 el ejecutivo, en conferencia de prensa.<\/p>\n<p style=\"text-align: justify;\">\u201cAl subir los precios estar\u00edamos entrando a una situaci\u00f3n perversa. El incremento no va a servir para nada y vamos a tener una subida de precios que puede presionar la inflaci\u00f3n\u201d, agreg\u00f3.<\/p>\n<p style=\"text-align: justify;\">Los porcentajes de incremento salarial ser\u00e1n oficializados en los actos del 1 de Mayo, cuando se celebra el D\u00eda del Trabajador.<\/p>\n","protected":false},"excerpt":{"rendered":"<p>El incremento salarial del 3% al haber b\u00e1sico y del 5% al m\u00ednimo nacional puede ocasionar causar p\u00e9rdida de empleos y una escalada inflacionaria que sobrepase la reposici\u00f3n acordada por el Gobierno y la Central Obrera Boliviana (COB), afirm\u00f3 el nuevo presidente de la C\u00e1mara Nacional de Comercio (CNC), Jaime Ascarrunz. Posesionado hoy en el [&hellip;]<\/p>\n","protected":false},"author":4,"featured_media":48989,"comment_status":"open","ping_status":"closed","sticky":false,"template":"","format":"standard","meta":{"footnotes":""},"categories":[25,45,48],"tags":[],"class_list":{"0":"post-48988","1":"post","2":"type-post","3":"status-publish","4":"format-standard","5":"has-post-thumbnail","7":"category-economia","8":"category-portada-economia","9":"category-portada-general-sitio"},"_links":{"self":[{"href":"https:\/\/jms.com.bo\/mediamonitor\/wp-json\/wp\/v2\/posts\/48988","targetHints":{"allow":["GET"]}}],"collection":[{"href":"https:\/\/jms.com.bo\/mediamonitor\/wp-json\/wp\/v2\/posts"}],"about":[{"href":"https:\/\/jms.com.bo\/mediamonitor\/wp-json\/wp\/v2\/types\/post"}],"author":[{"embeddable":true,"href":"https:\/\/jms.com.bo\/mediamonitor\/wp-json\/wp\/v2\/users\/4"}],"replies":[{"embeddable":true,"href":"https:\/\/jms.com.bo\/mediamonitor\/wp-json\/wp\/v2\/comments?post=48988"}],"version-history":[{"count":0,"href":"https:\/\/jms.com.bo\/mediamonitor\/wp-json\/wp\/v2\/posts\/48988\/revisions"}],"wp:featuredmedia":[{"embeddable":true,"href":"https:\/\/jms.com.bo\/mediamonitor\/wp-json\/wp\/v2\/media\/48989"}],"wp:attachment":[{"href":"https:\/\/jms.com.bo\/mediamonitor\/wp-json\/wp\/v2\/media?parent=48988"}],"wp:term":[{"taxonomy":"category","embeddable":true,"href":"https:\/\/jms.com.bo\/mediamonitor\/wp-json\/wp\/v2\/categories?post=48988"},{"taxonomy":"post_tag","embeddable":true,"href":"https:\/\/jms.com.bo\/mediamonitor\/wp-json\/wp\/v2\/tags?post=48988"}],"curies":[{"name":"wp","href":"https:\/\/api.w.org\/{rel}","templated":true}]}}