{"id":49098,"date":"2023-05-02T06:28:23","date_gmt":"2023-05-02T10:28:23","guid":{"rendered":"https:\/\/jms.com.bo\/mediamonitor\/2023\/05\/02\/los-nueve-servicios-departamentales-de-salud-recibieron-dosis-contra-la-influenza\/"},"modified":"2023-05-02T06:28:23","modified_gmt":"2023-05-02T10:28:23","slug":"los-nueve-servicios-departamentales-de-salud-recibieron-dosis-contra-la-influenza","status":"publish","type":"post","link":"https:\/\/jms.com.bo\/mediamonitor\/2023\/05\/02\/los-nueve-servicios-departamentales-de-salud-recibieron-dosis-contra-la-influenza\/","title":{"rendered":"Los nueve Servicios Departamentales de Salud recibieron dosis contra la influenza"},"content":{"rendered":"<p style=\"text-align: justify;\">El ministro de Salud, Jeyson Auza, confirm\u00f3 este domingo que se entregaron dos millones de vacunas contra la Influenza a los nueve Servicios Departamentales de Salud (Sedes).<\/p>\n<p style=\"text-align: justify;\">Auza dijo que las vacunas forman parte de una pol\u00edtica preventiva ante el incremento de casos de Infecciones Respiratorias Agudas (Iras).<\/p>\n<p style=\"text-align: justify;\">La influenza es una infecci\u00f3n v\u00edrica que afecta principalmente a la nariz, la garganta, los bronquios y, ocasionalmente, los pulmones.<\/p>\n<p style=\"text-align: justify;\">Seg\u00fan la Organizaci\u00f3n Mundial de Salud (OMS), las complicaciones de esta enfermedad pueden llevar a la hospitalizaci\u00f3n e incluso provocar la muerte, ejemplos de complicaciones graves son la neumon\u00eda y la bronquitis severa.<\/p>\n<p style=\"text-align: justify;\">Con la llegada del invierno se registr\u00f3 en el pa\u00eds un aumento de casos de influenza.<\/p>\n<p style=\"text-align: justify;\">La autoridad, en entrevista con la estatal Bolivia Tv, dijo que el monitoreo del comportamiento epid\u00e9mico es constante.<\/p>\n<p style=\"text-align: justify;\">\u00abSe estableci\u00f3 la presencia de elevaci\u00f3n de casos en seis departamentos afectando principalmente a los ni\u00f1os, ni\u00f1as menores de cinco a\u00f1os\u00bb, explic\u00f3.<\/p>\n<p style=\"text-align: justify;\">De acuerdo con el titular de Salud, la vacuna contra la influenza es estacional y aplicada a grupos vulnerables menores de 2 a\u00f1os; mayores de 60 a\u00f1os, personal de salud, personas con enfermedades de base o que puedan presentar complicaciones.<\/p>\n<p style=\"text-align: justify;\">El pasado 27 de abril, los directores de los Sedes, mediante la firma de un documento, se comprometieron a reforzar y acelerar la estrategia de inmunizaci\u00f3n de ni\u00f1os con las 13 vacunas disponibles; con el prop\u00f3sito de llegar a una cobertura del 95%, con posibilidad de llegar al 100%.<\/p>\n","protected":false},"excerpt":{"rendered":"<p>El ministro de Salud, Jeyson Auza, confirm\u00f3 este domingo que se entregaron dos millones de vacunas contra la Influenza a los nueve Servicios Departamentales de Salud (Sedes). Auza dijo que las vacunas forman parte de una pol\u00edtica preventiva ante el incremento de casos de Infecciones Respiratorias Agudas (Iras). La influenza es una infecci\u00f3n v\u00edrica que [&hellip;]<\/p>\n","protected":false},"author":4,"featured_media":49099,"comment_status":"open","ping_status":"closed","sticky":false,"template":"","format":"standard","meta":{"footnotes":""},"categories":[53],"tags":[],"class_list":{"0":"post-49098","1":"post","2":"type-post","3":"status-publish","4":"format-standard","5":"has-post-thumbnail","7":"category-salud"},"_links":{"self":[{"href":"https:\/\/jms.com.bo\/mediamonitor\/wp-json\/wp\/v2\/posts\/49098","targetHints":{"allow":["GET"]}}],"collection":[{"href":"https:\/\/jms.com.bo\/mediamonitor\/wp-json\/wp\/v2\/posts"}],"about":[{"href":"https:\/\/jms.com.bo\/mediamonitor\/wp-json\/wp\/v2\/types\/post"}],"author":[{"embeddable":true,"href":"https:\/\/jms.com.bo\/mediamonitor\/wp-json\/wp\/v2\/users\/4"}],"replies":[{"embeddable":true,"href":"https:\/\/jms.com.bo\/mediamonitor\/wp-json\/wp\/v2\/comments?post=49098"}],"version-history":[{"count":0,"href":"https:\/\/jms.com.bo\/mediamonitor\/wp-json\/wp\/v2\/posts\/49098\/revisions"}],"wp:featuredmedia":[{"embeddable":true,"href":"https:\/\/jms.com.bo\/mediamonitor\/wp-json\/wp\/v2\/media\/49099"}],"wp:attachment":[{"href":"https:\/\/jms.com.bo\/mediamonitor\/wp-json\/wp\/v2\/media?parent=49098"}],"wp:term":[{"taxonomy":"category","embeddable":true,"href":"https:\/\/jms.com.bo\/mediamonitor\/wp-json\/wp\/v2\/categories?post=49098"},{"taxonomy":"post_tag","embeddable":true,"href":"https:\/\/jms.com.bo\/mediamonitor\/wp-json\/wp\/v2\/tags?post=49098"}],"curies":[{"name":"wp","href":"https:\/\/api.w.org\/{rel}","templated":true}]}}