{"id":49100,"date":"2023-05-02T06:30:15","date_gmt":"2023-05-02T10:30:15","guid":{"rendered":"https:\/\/jms.com.bo\/mediamonitor\/2023\/05\/02\/salud-reporta-epidemia-de-resfrios-en-6-departamentos\/"},"modified":"2023-05-02T06:30:15","modified_gmt":"2023-05-02T10:30:15","slug":"salud-reporta-epidemia-de-resfrios-en-6-departamentos","status":"publish","type":"post","link":"https:\/\/jms.com.bo\/mediamonitor\/2023\/05\/02\/salud-reporta-epidemia-de-resfrios-en-6-departamentos\/","title":{"rendered":"Salud reporta epidemia de resfr\u00edos en 6 departamentos"},"content":{"rendered":"<p style=\"text-align: justify;\">El ministro de Salud, Jeyson Auza, indic\u00f3 que los departamentos de La Paz, Cochabamba, Oruro, Potos\u00ed, Pando y Beni se encuentran en situaci\u00f3n de epidemia por los elevados casos de Infecciones Respiratorias Agudas (IRAs) que ya superaron las cifras del canal end\u00e9mico con relaci\u00f3n al 2022.<\/p>\n<p style=\"text-align: justify;\">\u201cDesde la semana seis hemos ido reportando un incremento sostenido de casos de infecciones respiratorias agudas. Entre la semana 15 y esta \u00faltima 16, se han reportado 16,442 nuevos casos\u201d, dijo Auza al explicar la gr\u00e1fica que reflejaba un total de casos acumulados de 128.071.<\/p>\n<p style=\"text-align: justify;\">El ministro de Salud advirti\u00f3 que los ni\u00f1os menores de 5 a\u00f1os son los que m\u00e1s riesgo tienen de generar serias complicaciones de salud al contraer alguna infecci\u00f3n respiratoria. Adem\u00e1s, report\u00f3 que este grupo etario subi\u00f3 de 36.711 a 38.116 casos de contagios en la \u00faltima semana.<\/p>\n<p style=\"text-align: justify;\">\u201cSi nos concentramos en un grupo vulnerable, que es de nuestro especial inter\u00e9s, los menores de 5 a\u00f1os, podemos ver que en todo el pa\u00eds el grupo de menores a 5 a\u00f1os todav\u00eda se encuentra con un comportamiento end\u00e9mico. Si bien se ha reportado un comportamiento end\u00e9mico, en la semana 15 y tambi\u00e9n hemos reportado un incremento menor en la semana 16, todav\u00eda nos encontramos en los m\u00e1rgenes de seguridad establecidos\u201d, sostuvo la autoridad.<\/p>\n<p style=\"text-align: justify;\">Respecto a las otras enfermedades, Auza inform\u00f3 que los casos de Covid-19 aumentaron en un 30% y respecto al dengue se registr\u00f3 un fallecido en la \u00faltima semana.<\/p>\n","protected":false},"excerpt":{"rendered":"<p>El ministro de Salud, Jeyson Auza, indic\u00f3 que los departamentos de La Paz, Cochabamba, Oruro, Potos\u00ed, Pando y Beni se encuentran en situaci\u00f3n de epidemia por los elevados casos de Infecciones Respiratorias Agudas (IRAs) que ya superaron las cifras del canal end\u00e9mico con relaci\u00f3n al 2022. \u201cDesde la semana seis hemos ido reportando un incremento [&hellip;]<\/p>\n","protected":false},"author":4,"featured_media":49101,"comment_status":"open","ping_status":"closed","sticky":false,"template":"","format":"standard","meta":{"footnotes":""},"categories":[53],"tags":[],"class_list":{"0":"post-49100","1":"post","2":"type-post","3":"status-publish","4":"format-standard","5":"has-post-thumbnail","7":"category-salud"},"_links":{"self":[{"href":"https:\/\/jms.com.bo\/mediamonitor\/wp-json\/wp\/v2\/posts\/49100","targetHints":{"allow":["GET"]}}],"collection":[{"href":"https:\/\/jms.com.bo\/mediamonitor\/wp-json\/wp\/v2\/posts"}],"about":[{"href":"https:\/\/jms.com.bo\/mediamonitor\/wp-json\/wp\/v2\/types\/post"}],"author":[{"embeddable":true,"href":"https:\/\/jms.com.bo\/mediamonitor\/wp-json\/wp\/v2\/users\/4"}],"replies":[{"embeddable":true,"href":"https:\/\/jms.com.bo\/mediamonitor\/wp-json\/wp\/v2\/comments?post=49100"}],"version-history":[{"count":0,"href":"https:\/\/jms.com.bo\/mediamonitor\/wp-json\/wp\/v2\/posts\/49100\/revisions"}],"wp:featuredmedia":[{"embeddable":true,"href":"https:\/\/jms.com.bo\/mediamonitor\/wp-json\/wp\/v2\/media\/49101"}],"wp:attachment":[{"href":"https:\/\/jms.com.bo\/mediamonitor\/wp-json\/wp\/v2\/media?parent=49100"}],"wp:term":[{"taxonomy":"category","embeddable":true,"href":"https:\/\/jms.com.bo\/mediamonitor\/wp-json\/wp\/v2\/categories?post=49100"},{"taxonomy":"post_tag","embeddable":true,"href":"https:\/\/jms.com.bo\/mediamonitor\/wp-json\/wp\/v2\/tags?post=49100"}],"curies":[{"name":"wp","href":"https:\/\/api.w.org\/{rel}","templated":true}]}}