{"id":49102,"date":"2023-05-02T06:34:10","date_gmt":"2023-05-02T10:34:10","guid":{"rendered":"https:\/\/jms.com.bo\/mediamonitor\/2023\/05\/02\/bolivia-reporta-incremento-del-30-de-casos-covid\/"},"modified":"2023-05-02T06:34:10","modified_gmt":"2023-05-02T10:34:10","slug":"bolivia-reporta-incremento-del-30-de-casos-covid","status":"publish","type":"post","link":"https:\/\/jms.com.bo\/mediamonitor\/2023\/05\/02\/bolivia-reporta-incremento-del-30-de-casos-covid\/","title":{"rendered":"Bolivia reporta incremento del 30% de casos Covid"},"content":{"rendered":"<p style=\"text-align: justify;\">Por segunda semana consecutiva, Bolivia reporta un incremento de 30% de casos Covid-19, que, sin embargo, a\u00fan est\u00e1 \u201cen niveles bajos de contagio\u201d, inform\u00f3 este lunes el ministro de Salud, Jeyson Auza.<\/p>\n<p style=\"text-align: justify;\">\u201cEn la semana epidemiol\u00f3gica 17 se presentaron 416 casos (Covid -19), esto representa 97 casos m\u00e1s que la semana anterior, un incremento del 30%, son dos semanas consecutivas en las que se registra un leve incremento de la Covid-19, pero, a pesar de estos incrementos, estamos en los niveles m\u00e1s bajos de la pandemia\u201d, dijo la autoridad en conferencia de prensa.<\/p>\n<p style=\"text-align: justify;\">El ministro de Salud enfatiz\u00f3 que, gracias a una estrategia estructural, se alcanzaron bajas tasas de mortalidad y de letalidad y el Gobierno nacional logr\u00f3 controlar la pandemia del Covid-19 en el pa\u00eds.<\/p>\n<p style=\"text-align: justify;\">La tasa de mortalidad se redujo del 76% en la primera ola a 1,1 % en la sexta ola, en tanto que, la tasa de letalidad descendi\u00f3 de 6,2% en la primera ola hasta el 0,2% en la actualidad.<\/p>\n<p style=\"text-align: justify;\">El ministro inform\u00f3 tambi\u00e9n sobre la epidemia de Infecciones Respiratorias Agudas (IRAS) en seis de los nueve departamentos: La Paz, Oruro, Potos\u00ed, Cochabamba, Pando y Beni.<\/p>\n<p style=\"text-align: justify;\">El titular de Salud recomend\u00f3 a los padres de familia acudir a los establecimientos sanitarios para que los menores reciban de manera gratuita la vacuna contra la influenza. Adem\u00e1s, convoc\u00f3 a los adultos mayores y personas con enfermedades de base a inmunizarse contra la influenza por ser m\u00e1s vulnerables a las IRAs.<\/p>\n<p style=\"text-align: justify;\">Tosferina y dengue<\/p>\n<p style=\"text-align: justify;\">En relaci\u00f3n a la tosferina o coqueluche, inform\u00f3 que se reportan s\u00f3lo dos casos activos que est\u00e1n bajo control.<\/p>\n<p style=\"text-align: justify;\">Mientras que la enfermedad del dengue en el pa\u00eds se encuentra controlada y reporta una tasa de incidencia de 0.1%.<\/p>\n","protected":false},"excerpt":{"rendered":"<p>Por segunda semana consecutiva, Bolivia reporta un incremento de 30% de casos Covid-19, que, sin embargo, a\u00fan est\u00e1 \u201cen niveles bajos de contagio\u201d, inform\u00f3 este lunes el ministro de Salud, Jeyson Auza. \u201cEn la semana epidemiol\u00f3gica 17 se presentaron 416 casos (Covid -19), esto representa 97 casos m\u00e1s que la semana anterior, un incremento del [&hellip;]<\/p>\n","protected":false},"author":4,"featured_media":49103,"comment_status":"open","ping_status":"closed","sticky":false,"template":"","format":"standard","meta":{"footnotes":""},"categories":[53],"tags":[],"class_list":{"0":"post-49102","1":"post","2":"type-post","3":"status-publish","4":"format-standard","5":"has-post-thumbnail","7":"category-salud"},"_links":{"self":[{"href":"https:\/\/jms.com.bo\/mediamonitor\/wp-json\/wp\/v2\/posts\/49102","targetHints":{"allow":["GET"]}}],"collection":[{"href":"https:\/\/jms.com.bo\/mediamonitor\/wp-json\/wp\/v2\/posts"}],"about":[{"href":"https:\/\/jms.com.bo\/mediamonitor\/wp-json\/wp\/v2\/types\/post"}],"author":[{"embeddable":true,"href":"https:\/\/jms.com.bo\/mediamonitor\/wp-json\/wp\/v2\/users\/4"}],"replies":[{"embeddable":true,"href":"https:\/\/jms.com.bo\/mediamonitor\/wp-json\/wp\/v2\/comments?post=49102"}],"version-history":[{"count":0,"href":"https:\/\/jms.com.bo\/mediamonitor\/wp-json\/wp\/v2\/posts\/49102\/revisions"}],"wp:featuredmedia":[{"embeddable":true,"href":"https:\/\/jms.com.bo\/mediamonitor\/wp-json\/wp\/v2\/media\/49103"}],"wp:attachment":[{"href":"https:\/\/jms.com.bo\/mediamonitor\/wp-json\/wp\/v2\/media?parent=49102"}],"wp:term":[{"taxonomy":"category","embeddable":true,"href":"https:\/\/jms.com.bo\/mediamonitor\/wp-json\/wp\/v2\/categories?post=49102"},{"taxonomy":"post_tag","embeddable":true,"href":"https:\/\/jms.com.bo\/mediamonitor\/wp-json\/wp\/v2\/tags?post=49102"}],"curies":[{"name":"wp","href":"https:\/\/api.w.org\/{rel}","templated":true}]}}