{"id":49104,"date":"2023-05-02T06:36:44","date_gmt":"2023-05-02T10:36:44","guid":{"rendered":"https:\/\/jms.com.bo\/mediamonitor\/2023\/05\/02\/santagro-denuncia-que-avasalladores-cosechan-la-soya-de-sus-predios\/"},"modified":"2023-05-02T06:36:44","modified_gmt":"2023-05-02T10:36:44","slug":"santagro-denuncia-que-avasalladores-cosechan-la-soya-de-sus-predios","status":"publish","type":"post","link":"https:\/\/jms.com.bo\/mediamonitor\/2023\/05\/02\/santagro-denuncia-que-avasalladores-cosechan-la-soya-de-sus-predios\/","title":{"rendered":"Santagro denuncia que avasalladores cosechan la soya de sus predios"},"content":{"rendered":"<p style=\"text-align: justify;\">Este viernes, el abogado de los propietarios del predio Santagro, Jorge Franco, denunci\u00f3 que los avasalladores procedieron a cosechar la soya sembrada por los propietarios. Afirm\u00f3 que el valor de la soya a cosechar alcanza aproximadamente los dos millones de d\u00f3lares.<\/p>\n<p style=\"text-align: justify;\">\u201cLos avasalladores en este momento est\u00e1n robando la soya con resguardo policial, pese a existir una medida cautelar del juez agroambiental de la localidad de San Ram\u00f3n, que es el competente en la jurisdicci\u00f3n, que ordena el resguardo policial a la fuerza p\u00fablica para que la propietaria legal pueda proceder con la cosecha de su soya\u201d, se\u00f1al\u00f3 el abogado, en conferencia de prensa.<\/p>\n<p style=\"text-align: justify;\">El jurista denunci\u00f3 que hasta la fecha no se pudo realizar la reconstrucci\u00f3n de los hechos o el debido levantamiento de pruebas, tras la confrontaci\u00f3n acontecida el 29 de marzo, que dej\u00f3 el saldo de dos muertos, seg\u00fan medios cruce\u00f1os. El predio fue invadido violentamente el 25 de diciembre del a\u00f1o pasado por un grupo de avasalladores, quienes contin\u00faan en posesi\u00f3n a pesar de la intervenci\u00f3n policial que hubo en su momento.<\/p>\n<p style=\"text-align: justify;\">\u201cEste es un hecho grav\u00edsimo, que produce un da\u00f1o irreversible de m\u00e1s de dos millones de d\u00f3lares contra la due\u00f1a del predio\u201d, asever\u00f3 Franco.<\/p>\n<p style=\"text-align: justify;\">A\u00f1adi\u00f3: \u201cvamos a demandar al Estado boliviano porque es el responsable de que hasta el momento no se hubiese podido alzar la cosecha\u201d. Especific\u00f3 que existe una importante extensi\u00f3n de soya sembrada y malograda \u201cque causar\u00e1 tambi\u00e9n un serio da\u00f1o ambiental\u201d, del cual responsabilizan al Estado, al no haber resguardado los derechos a la propiedad privada y al trabajo.<\/p>\n<p style=\"text-align: justify;\">Franco, adem\u00e1s, culp\u00f3 a las autoridades del Gobierno central por desinformar a la opini\u00f3n p\u00fablica de que se trata de una propiedad ubicada en tierras fiscales.<\/p>\n<p style=\"text-align: justify;\">\u201cAc\u00e1 tenemos la resoluci\u00f3n que reconoce medidas precautorias para resguardar el derecho de posesi\u00f3n de la propiedad otorgado conforme a ley\u201d, indic\u00f3, haciendo referencia a una resoluci\u00f3n aprobada el 13 de abril por el juez agroambiental de San Ram\u00f3n, Franz Carrasco, quien autoriza a la propietaria del predio Santagro a proceder con la cosecha de la soya.<\/p>\n<p style=\"text-align: justify;\">El abogado denunci\u00f3 tambi\u00e9n que entre el mi\u00e9rcoles 26 y jueves 27 de abril, dos fiscales procedieron a allanar domicilios y oficinas de Santagro, de sus abogados e incluso de sus acreedores, sin que exista siquiera una citaci\u00f3n previa.<\/p>\n<p style=\"text-align: justify;\">\u201cHasta el momento, ni nosotros ni los abogados de las personas que est\u00e1n siendo amedrentadas hemos tenido acceso al expediente cautelar ni al proceso en s\u00ed, pues lo han diversificado, vulnerando los principios del debido proceso\u201d, recalc\u00f3.<\/p>\n<p style=\"text-align: justify;\">El jurista asever\u00f3 que ambos fiscales enviaron a la fuerza p\u00fablica a irrumpir en oficinas y negocios de los acreedores para llevarse equipos con el argumento de la investigaci\u00f3n. Dijo que ese hecho provoc\u00f3 un da\u00f1o psicol\u00f3gico a un menor de 10 a\u00f1os, debido a que se llevaron detenida a su madre.<\/p>\n<p style=\"text-align: justify;\">Finalmente, manifest\u00f3 que existen pretensiones de apoderamiento de Santagro y de las unidades productivas de sus acreedores, por tanto, pidi\u00f3 al presidente Luis Arce y al Fiscal General del Estado, que suspendan a los funcionarios p\u00fablicos que est\u00e1n privando a varias personas del acceso al debido proceso.<\/p>\n<p style=\"text-align: justify;\">\n","protected":false},"excerpt":{"rendered":"<p>Este viernes, el abogado de los propietarios del predio Santagro, Jorge Franco, denunci\u00f3 que los avasalladores procedieron a cosechar la soya sembrada por los propietarios. Afirm\u00f3 que el valor de la soya a cosechar alcanza aproximadamente los dos millones de d\u00f3lares. \u201cLos avasalladores en este momento est\u00e1n robando la soya con resguardo policial, pese a [&hellip;]<\/p>\n","protected":false},"author":4,"featured_media":49105,"comment_status":"open","ping_status":"closed","sticky":false,"template":"","format":"standard","meta":{"footnotes":""},"categories":[52],"tags":[],"class_list":{"0":"post-49104","1":"post","2":"type-post","3":"status-publish","4":"format-standard","5":"has-post-thumbnail","7":"category-alimentos-agroindustria"},"_links":{"self":[{"href":"https:\/\/jms.com.bo\/mediamonitor\/wp-json\/wp\/v2\/posts\/49104","targetHints":{"allow":["GET"]}}],"collection":[{"href":"https:\/\/jms.com.bo\/mediamonitor\/wp-json\/wp\/v2\/posts"}],"about":[{"href":"https:\/\/jms.com.bo\/mediamonitor\/wp-json\/wp\/v2\/types\/post"}],"author":[{"embeddable":true,"href":"https:\/\/jms.com.bo\/mediamonitor\/wp-json\/wp\/v2\/users\/4"}],"replies":[{"embeddable":true,"href":"https:\/\/jms.com.bo\/mediamonitor\/wp-json\/wp\/v2\/comments?post=49104"}],"version-history":[{"count":0,"href":"https:\/\/jms.com.bo\/mediamonitor\/wp-json\/wp\/v2\/posts\/49104\/revisions"}],"wp:featuredmedia":[{"embeddable":true,"href":"https:\/\/jms.com.bo\/mediamonitor\/wp-json\/wp\/v2\/media\/49105"}],"wp:attachment":[{"href":"https:\/\/jms.com.bo\/mediamonitor\/wp-json\/wp\/v2\/media?parent=49104"}],"wp:term":[{"taxonomy":"category","embeddable":true,"href":"https:\/\/jms.com.bo\/mediamonitor\/wp-json\/wp\/v2\/categories?post=49104"},{"taxonomy":"post_tag","embeddable":true,"href":"https:\/\/jms.com.bo\/mediamonitor\/wp-json\/wp\/v2\/tags?post=49104"}],"curies":[{"name":"wp","href":"https:\/\/api.w.org\/{rel}","templated":true}]}}