{"id":49593,"date":"2023-05-09T06:31:07","date_gmt":"2023-05-09T10:31:07","guid":{"rendered":"https:\/\/jms.com.bo\/mediamonitor\/2023\/05\/09\/abandono-y-retraso-en-el-mantenimiento-expone-a-estudiantes-en-las-aulas\/"},"modified":"2023-05-09T06:31:07","modified_gmt":"2023-05-09T10:31:07","slug":"abandono-y-retraso-en-el-mantenimiento-expone-a-estudiantes-en-las-aulas","status":"publish","type":"post","link":"https:\/\/jms.com.bo\/mediamonitor\/2023\/05\/09\/abandono-y-retraso-en-el-mantenimiento-expone-a-estudiantes-en-las-aulas\/","title":{"rendered":"Abandono y retraso en el mantenimiento expone a estudiantes en las aulas"},"content":{"rendered":"<p style=\"text-align: justify;\">El incidente en el colegio 30 de Marzo, donde cedi\u00f3 parte del techo causando lesiones a dos estudiantes, sac\u00f3 a relucir falencias en la estructura educativa, seg\u00fan denunciaron concejales opositores, que observan retraso en el mantenimiento de los establecimientos educativos.<\/p>\n<p style=\"text-align: justify;\">El concejal por Comunidad Auton\u00f3mica, Juan Carlos Medrano, indic\u00f3 que en una inspecci\u00f3n a este establecimiento constataron que el problema con el cielo falso se repite en casi todas las aulas, las mismas que est\u00e1n en fisuras y goteras. Seg\u00fan Medrano, por el testimonio de los padres de familia, se sabe que el colegio lleva dos a\u00f1os sin recibir mantenimiento, por lo que la humedad hizo ceder parte del techo, lo que llev\u00f3 a suspender las clases hasta que se haga la reparaci\u00f3n.<\/p>\n<p style=\"text-align: justify;\">Este lunes la Alcald\u00eda inici\u00f3 los trabajos de remoci\u00f3n de los escombros para el mantenimiento.<\/p>\n<p style=\"text-align: justify;\">Claudia Pinto, profesora de m\u00fasica e integrante de la Comisi\u00f3n de Transparencia de este colegio indic\u00f3 que, durante el fin de semana, el techo del aula cedi\u00f3 por completo.<\/p>\n<p style=\"text-align: justify;\">En los otros cursos tambi\u00e9n se evidencia humedad y goteras.<\/p>\n<p style=\"text-align: justify;\">Lo mismo ocurre con otras unidades educativas, especialmente fuera del quinto anillo, donde la queja frecuente es la falta de mantenimiento. El concejal Medrano considera que no solo hay dejadez, sino que tambi\u00e9n cuestiona el destino de los recursos, toda vez que cada a\u00f1o se erogan recursos para la refacci\u00f3n de las escuelas, pero muchas de ellas hacen dos a\u00f1os que no reciben mantenimiento.<\/p>\n<p style=\"text-align: justify;\">Ante esta situaci\u00f3n, Medrano indic\u00f3 que est\u00e1n solicitando al Ejecutivo un informe sobre el plan de refacci\u00f3n. No descartan presentar una denuncia por negligencia e incumplimiento de deberes.<\/p>\n<p style=\"text-align: justify;\">La queja de los padres coincide con la del concejal. En el colegio Hernando Siles Reyes vienen solicitando atenci\u00f3n desde 2020 y no han recibido respuesta a ninguna de sus cartas ni a las movilizaciones que han realizado. Ellos tienen problemas de goteras, trabajos inconclusos y rajaduras en el cielo falso y paredes. \u201cVienen, hacen una cosita y se vuelven a ir. Nosotros hemos salido en marchas a presionar para que nos atiendan y nada\u201d, dijo Milton Serrano, presidente de la junta escolar en el turno de la ma\u00f1ana de esta unidad educativa, ubicada al sur de la capital cruce\u00f1a.<\/p>\n<p style=\"text-align: justify;\">El representante se\u00f1al\u00f3 que, en el nivel primario, han dado cuotas para colocar el piso a un aula y para las gradas. Algunos cursos tampoco tienen vidrios.<\/p>\n<p style=\"text-align: justify;\">Los ambientes del nivel secundario tambi\u00e9n presentan problemas en el techo y en algunos cursos utilizan l\u00e1piz como seguro en las puertas.<\/p>\n<p style=\"text-align: justify;\">\u201cTuvimos una reuni\u00f3n con el alcalde en la Quinta Municipal y nuestra unidad educativa sali\u00f3 como que estaba todo refaccionada, pero no es as\u00ed, por eso salimos a protestar\u201d, recalc\u00f3 Serrano y mostr\u00f3 el techo humedecido en el pasillo del segundo nivel.<\/p>\n<p style=\"text-align: justify;\">En el colegio Peregrina D\u00e1valos tambi\u00e9n aguardan el arreglo de goteras, sobre todo en los cursos del nivel inicial, adem\u00e1s de la colocaci\u00f3n de vidrios en las ventanas. El personal municipal visit\u00f3 el establecimiento y, seg\u00fan los pap\u00e1s, se comprometieron en refaccionar. \u201cFalta mantenimiento a los techos y los pap\u00e1s tuvieron que hacer arreglar los ba\u00f1os, porque no serv\u00edan los tanques\u201d, dijo la directora del turno de la ma\u00f1ana, Jeanine \u00c9g\u00fcez.<\/p>\n<p style=\"text-align: justify;\">Ven retraso en las licitaciones<\/p>\n<p style=\"text-align: justify;\">El concejal de Dem\u00f3cratas, Manuel Saavedra, tambi\u00e9n recorri\u00f3 los establecimientos educativos para ver las condiciones en que se encuentran los ambientes, porque asegura que la falta de mantenimiento es un problema que no ha sido atendido desde el a\u00f1o pasado, pese a que se lo ha venido solicitando de forma permanente.<\/p>\n<p style=\"text-align: justify;\">\u201cLos problemas son recurrentes en el techo, goteras, hidrosanitarios con los ba\u00f1os, deterioro de pupitres y pizarrones. Hay muchas necesidades en la infraestructura educativa. En el periodo de las vacaciones finales el municipio debe trabajar para poner en \u00f3ptimas condiciones las unidades educativas, para que cuando los chicos entren a clases ya no tengan alba\u00f1iles encima de los techos o goteras y todos esos problemas\u201d, cuestion\u00f3.<\/p>\n<p style=\"text-align: justify;\">Indic\u00f3 que hay tres procesos de licitaci\u00f3n para realizar las refacciones preventivas en casi 30 unidades educativas, pero que fueron firmadas en marzo.<\/p>\n<p style=\"text-align: justify;\">\u201cLas clases empiezan el 1 de febrero, pero reci\u00e9n se firman los contratos para refaccionar estas unidades educativas a finales de marzo, eso quiere decir que esos colegios est\u00e1n en p\u00e9simas condiciones y los ni\u00f1os est\u00e1n pasando clases, eso pasa en muchos otros\u201d, enfatiz\u00f3 Saavedra.<\/p>\n<p style=\"text-align: justify;\">De acuerdo con el concejal, las autoridades educativas deben dar las explicaciones del retraso.<\/p>\n<p style=\"text-align: justify;\">\u201cEllos tienen que explicar el por qu\u00e9 se firmaron esos contratos cuando se iniciaron las clases. Hemos solicitado informes (al Ejecutivo Municipal) y lo venimos haciendo permanentemente\u201d, resalt\u00f3.<\/p>\n<p style=\"text-align: justify;\">Considera que otro problema que afecta el mantenimiento es la distribuci\u00f3n del presupuesto, porque no se asigna lo que hace falta en cada unidad educativa, sino simplemente hasta donde establecieron un determinado presupuesto.<\/p>\n<p style=\"text-align: justify;\">\u201cNo est\u00e1n planificando los trabajos, hay que ser responsables, no se puede poner parches a unidades educativas que tienen problemas graves\u201d, manifest\u00f3.<\/p>\n<p style=\"text-align: justify;\">Al respecto, el secretario municipal de Equipamiento Social, Rub\u00e9n Antelo, record\u00f3 que los contratos de manteamiento son de 200 d\u00edas y en dos fases.<\/p>\n<p style=\"text-align: justify;\">\u201cTenemos un cronograma de trabajo y, de acuerdo a la propuesta, primero se trabaja en la iluminaci\u00f3n, que es el sistema el\u00e9ctrico y la refacci\u00f3n de goteras. Despu\u00e9s se pasa al pintado y al embellecimiento, entre otros trabajos\u201d, explic\u00f3 Antelo.<\/p>\n<p style=\"text-align: justify;\">El funcionario municipal indic\u00f3 que las bajas temperaturas han acelerado el colocado de vidrios, para proteger a los estudiantes. La Alcald\u00eda tambi\u00e9n est\u00e1n encarando el mantenimiento de las \u00e1reas verdes en las unidades educativas.<\/p>\n","protected":false},"excerpt":{"rendered":"<p>El incidente en el colegio 30 de Marzo, donde cedi\u00f3 parte del techo causando lesiones a dos estudiantes, sac\u00f3 a relucir falencias en la estructura educativa, seg\u00fan denunciaron concejales opositores, que observan retraso en el mantenimiento de los establecimientos educativos. El concejal por Comunidad Auton\u00f3mica, Juan Carlos Medrano, indic\u00f3 que en una inspecci\u00f3n a este [&hellip;]<\/p>\n","protected":false},"author":4,"featured_media":49594,"comment_status":"open","ping_status":"closed","sticky":false,"template":"","format":"standard","meta":{"footnotes":""},"categories":[49],"tags":[],"class_list":{"0":"post-49593","1":"post","2":"type-post","3":"status-publish","4":"format-standard","5":"has-post-thumbnail","7":"category-social"},"_links":{"self":[{"href":"https:\/\/jms.com.bo\/mediamonitor\/wp-json\/wp\/v2\/posts\/49593","targetHints":{"allow":["GET"]}}],"collection":[{"href":"https:\/\/jms.com.bo\/mediamonitor\/wp-json\/wp\/v2\/posts"}],"about":[{"href":"https:\/\/jms.com.bo\/mediamonitor\/wp-json\/wp\/v2\/types\/post"}],"author":[{"embeddable":true,"href":"https:\/\/jms.com.bo\/mediamonitor\/wp-json\/wp\/v2\/users\/4"}],"replies":[{"embeddable":true,"href":"https:\/\/jms.com.bo\/mediamonitor\/wp-json\/wp\/v2\/comments?post=49593"}],"version-history":[{"count":0,"href":"https:\/\/jms.com.bo\/mediamonitor\/wp-json\/wp\/v2\/posts\/49593\/revisions"}],"wp:featuredmedia":[{"embeddable":true,"href":"https:\/\/jms.com.bo\/mediamonitor\/wp-json\/wp\/v2\/media\/49594"}],"wp:attachment":[{"href":"https:\/\/jms.com.bo\/mediamonitor\/wp-json\/wp\/v2\/media?parent=49593"}],"wp:term":[{"taxonomy":"category","embeddable":true,"href":"https:\/\/jms.com.bo\/mediamonitor\/wp-json\/wp\/v2\/categories?post=49593"},{"taxonomy":"post_tag","embeddable":true,"href":"https:\/\/jms.com.bo\/mediamonitor\/wp-json\/wp\/v2\/tags?post=49593"}],"curies":[{"name":"wp","href":"https:\/\/api.w.org\/{rel}","templated":true}]}}