{"id":49595,"date":"2023-05-09T06:32:38","date_gmt":"2023-05-09T10:32:38","guid":{"rendered":"https:\/\/jms.com.bo\/mediamonitor\/2023\/05\/09\/el-hospital-del-nino-suspende-sus-servicios-padres-protestan\/"},"modified":"2023-05-09T06:32:38","modified_gmt":"2023-05-09T10:32:38","slug":"el-hospital-del-nino-suspende-sus-servicios-padres-protestan","status":"publish","type":"post","link":"https:\/\/jms.com.bo\/mediamonitor\/2023\/05\/09\/el-hospital-del-nino-suspende-sus-servicios-padres-protestan\/","title":{"rendered":"El Hospital del Ni\u00f1o suspende sus servicios, padres protestan"},"content":{"rendered":"<p style=\"text-align: justify;\">En emergencia por los despidos de dos de sus especialistas, el Hospital del Ni\u00f1o suspendi\u00f3 sus habituales servicios este lunes y caus\u00f3 preocupaci\u00f3n entre los padres, que protestaron en puertas del nosocomio en pedido de una pronta soluci\u00f3n para el conflicto.<\/p>\n<p style=\"text-align: justify;\">\u201cQue los atiendan a los ni\u00f1os, mi hijo est\u00e1 operado, aqu\u00ed est\u00e1 mi consulta; ahora que nos reprograme por lo menos, tampoco hay eso. Que nos den soluciones por favor\u201d, expres\u00f3 una de las madres en la protesta instalada.<\/p>\n<p style=\"text-align: justify;\">El nosocomio denunci\u00f3 el despido de dos de los especialistas con los que se garantizaban las cirug\u00edas, por lo que en estos d\u00edas no se realizaron las intervenciones.<\/p>\n<p style=\"text-align: justify;\">\u201cEl viernes, lamentablemente, se ha destituido a una colega subespecialista en Pediatr\u00eda, a la anestesi\u00f3loga encargada de las cirug\u00edas de emergencia, de feriados y fines de semana. Se ha dejado sin personal el fin de semana, no hab\u00eda qui\u00e9n haga las cirug\u00edas y han tenido que suspenderse cirug\u00edas de emergencia\u201d, afirm\u00f3 el representante del Sindicato de Ramas M\u00e9dicas en Salud (Sirmes), Fernando Romero, a los medios.<\/p>\n<p style=\"text-align: justify;\">Padres de familia llegaron con sus documentos y hasta ni\u00f1os en brazos, no obstante, se encontraron con un mitin del personal de salud en cercan\u00edas del Hospital del Ni\u00f1o, ubicado en la zona de Miraflores de La Paz.<\/p>\n<p style=\"text-align: justify;\">\u201cSe comunica a la poblaci\u00f3n que se suspenden las cirug\u00edas programadas y consulta externa. Nos encontramos en estado de emergencia\u201d, se le\u00eda la ma\u00f1ana de ayer en las puertas del nosocomio.<\/p>\n<p style=\"text-align: justify;\">El Sirmes responsabiliz\u00f3 al gobierno departamental por las destituciones y otras salidas de profesionales; se le exige reponer al personal para garantizar la atenci\u00f3n de los ni\u00f1os.<\/p>\n","protected":false},"excerpt":{"rendered":"<p>En emergencia por los despidos de dos de sus especialistas, el Hospital del Ni\u00f1o suspendi\u00f3 sus habituales servicios este lunes y caus\u00f3 preocupaci\u00f3n entre los padres, que protestaron en puertas del nosocomio en pedido de una pronta soluci\u00f3n para el conflicto. \u201cQue los atiendan a los ni\u00f1os, mi hijo est\u00e1 operado, aqu\u00ed est\u00e1 mi consulta; [&hellip;]<\/p>\n","protected":false},"author":4,"featured_media":49596,"comment_status":"open","ping_status":"closed","sticky":false,"template":"","format":"standard","meta":{"footnotes":""},"categories":[49],"tags":[],"class_list":{"0":"post-49595","1":"post","2":"type-post","3":"status-publish","4":"format-standard","5":"has-post-thumbnail","7":"category-social"},"_links":{"self":[{"href":"https:\/\/jms.com.bo\/mediamonitor\/wp-json\/wp\/v2\/posts\/49595","targetHints":{"allow":["GET"]}}],"collection":[{"href":"https:\/\/jms.com.bo\/mediamonitor\/wp-json\/wp\/v2\/posts"}],"about":[{"href":"https:\/\/jms.com.bo\/mediamonitor\/wp-json\/wp\/v2\/types\/post"}],"author":[{"embeddable":true,"href":"https:\/\/jms.com.bo\/mediamonitor\/wp-json\/wp\/v2\/users\/4"}],"replies":[{"embeddable":true,"href":"https:\/\/jms.com.bo\/mediamonitor\/wp-json\/wp\/v2\/comments?post=49595"}],"version-history":[{"count":0,"href":"https:\/\/jms.com.bo\/mediamonitor\/wp-json\/wp\/v2\/posts\/49595\/revisions"}],"wp:featuredmedia":[{"embeddable":true,"href":"https:\/\/jms.com.bo\/mediamonitor\/wp-json\/wp\/v2\/media\/49596"}],"wp:attachment":[{"href":"https:\/\/jms.com.bo\/mediamonitor\/wp-json\/wp\/v2\/media?parent=49595"}],"wp:term":[{"taxonomy":"category","embeddable":true,"href":"https:\/\/jms.com.bo\/mediamonitor\/wp-json\/wp\/v2\/categories?post=49595"},{"taxonomy":"post_tag","embeddable":true,"href":"https:\/\/jms.com.bo\/mediamonitor\/wp-json\/wp\/v2\/tags?post=49595"}],"curies":[{"name":"wp","href":"https:\/\/api.w.org\/{rel}","templated":true}]}}