{"id":49597,"date":"2023-05-09T06:34:13","date_gmt":"2023-05-09T10:34:13","guid":{"rendered":"https:\/\/jms.com.bo\/mediamonitor\/2023\/05\/09\/dirigente-del-magisterio-esta-dispuesto-a-volver-al-tapiado-si-piensan-que-nos-han-derrotado-se-equivocan\/"},"modified":"2023-05-09T06:34:13","modified_gmt":"2023-05-09T10:34:13","slug":"dirigente-del-magisterio-esta-dispuesto-a-volver-al-tapiado-si-piensan-que-nos-han-derrotado-se-equivocan","status":"publish","type":"post","link":"https:\/\/jms.com.bo\/mediamonitor\/2023\/05\/09\/dirigente-del-magisterio-esta-dispuesto-a-volver-al-tapiado-si-piensan-que-nos-han-derrotado-se-equivocan\/","title":{"rendered":"Dirigente del magisterio est\u00e1 dispuesto a volver al tapiado: \u2018si piensan que nos han derrotado, se equivocan\u2019"},"content":{"rendered":"<p style=\"text-align: justify;\">Luego de atravesar un tapiado de cinco d\u00edas de partido, el ejecutivo del magisterio urbano, Wilfredo Ajallahuanca, inform\u00f3 que los dirigentes tendr\u00e1n secuelas en su salud, sin embargo, asegur\u00f3 que lo volver\u00eda a hacer si es necesario.<\/p>\n<p style=\"text-align: justify;\">Asever\u00f3 que los tres dirigentes no quer\u00edan salir de la medida de presi\u00f3n, pero fueron presionados por la decisi\u00f3n del ampliado de los maestros.<\/p>\n<p style=\"text-align: justify;\">Cuando se hicieron los estudios m\u00e9dicos, les dijeron que tienen deterioro en los ri\u00f1ones y el h\u00edgado, por lo cual les quedar\u00e1n secuelas, pero eso no impide que ingrese de nuevo a la medida de presi\u00f3n.<\/p>\n<p style=\"text-align: justify;\">\u201cPero si tenemos que hacerlo nos queda claro que lo podemos volver a hacer, no hay miedo, porque hemos abrazado una noble profesi\u00f3n que es maltratada por el gobierno, que no le se le da a la relevancia respectiva\u201d, dijo Ajllahuanca en el programa La Ma\u00f1ana en Directo de ERBOL.<\/p>\n<p style=\"text-align: justify;\">Record\u00f3 que en tercer d\u00eda del tapiado su salud se fue a se fue deteriorando mucho y la doctora que les atendi\u00f3 indicaba que deber\u00edan abandonar la medida.<\/p>\n<p style=\"text-align: justify;\">Adem\u00e1s de la deshidrataci\u00f3n, dijo que los profesores no pod\u00edan hablar mucho, las articulaciones y la cabeza les dol\u00edan, sufr\u00edan una especie de v\u00f3mito cuando ni siquiera inger\u00edan ning\u00fan tipo de alimentos, adem\u00e1s de que el est\u00f3mago les dol\u00eda tambi\u00e9n porque segu\u00eda generando \u00e1cidos g\u00e1stricos.<\/p>\n<p style=\"text-align: justify;\">El dirigente dijo que pensaban en la familia y el compromiso que tienen con la educaci\u00f3n y el magisterio. \u201cFueron por muchas sensaciones muy dolorosas, pero al final, nosotros tres ejecutivos hab\u00edamos indicado que \u00edbamos a estar hasta lo \u00faltimo\u201d, se\u00f1al\u00f3.<\/p>\n<p style=\"text-align: justify;\">A pesar de haberse levantado las medidas de presi\u00f3n, el ejecutivo asegur\u00f3 que el magisterio urbano sigue en pie de lucha y que se pondr\u00e1 a conocimiento de las bases la propuesta \u00faltima del Gobierno para tomar decisiones.<\/p>\n<p style=\"text-align: justify;\">\u201cNo nos sentimos d\u00e9biles, eso tiene que quedarle bien en claro al Ministerio de Educaci\u00f3n y al gobierno. Si ellos piensan que nos han derrotado, est\u00e1n completamente equivocados, porque lo que m\u00e1s se ha logrado en esta gesti\u00f3n a la cabeza de la confederaci\u00f3n es haber unificado a las 31 federaciones departamentales\u201d, agreg\u00f3 Ajllahuanca.<\/p>\n<p style=\"text-align: justify;\">El Magisterio pide mayor presupuesto para la educaci\u00f3n, \u00edtems y que no se aplique la nueva malla curricular. El Ministerio de Educaci\u00f3n ofreci\u00f3 hasta 12.500 horas para cubrir el d\u00e9ficit hist\u00f3rico, pero los maestros a\u00fan ven insuficiente esa propuesta.<\/p>\n","protected":false},"excerpt":{"rendered":"<p>Luego de atravesar un tapiado de cinco d\u00edas de partido, el ejecutivo del magisterio urbano, Wilfredo Ajallahuanca, inform\u00f3 que los dirigentes tendr\u00e1n secuelas en su salud, sin embargo, asegur\u00f3 que lo volver\u00eda a hacer si es necesario. Asever\u00f3 que los tres dirigentes no quer\u00edan salir de la medida de presi\u00f3n, pero fueron presionados por la [&hellip;]<\/p>\n","protected":false},"author":4,"featured_media":49598,"comment_status":"open","ping_status":"closed","sticky":false,"template":"","format":"standard","meta":{"footnotes":""},"categories":[49],"tags":[],"class_list":{"0":"post-49597","1":"post","2":"type-post","3":"status-publish","4":"format-standard","5":"has-post-thumbnail","7":"category-social"},"_links":{"self":[{"href":"https:\/\/jms.com.bo\/mediamonitor\/wp-json\/wp\/v2\/posts\/49597","targetHints":{"allow":["GET"]}}],"collection":[{"href":"https:\/\/jms.com.bo\/mediamonitor\/wp-json\/wp\/v2\/posts"}],"about":[{"href":"https:\/\/jms.com.bo\/mediamonitor\/wp-json\/wp\/v2\/types\/post"}],"author":[{"embeddable":true,"href":"https:\/\/jms.com.bo\/mediamonitor\/wp-json\/wp\/v2\/users\/4"}],"replies":[{"embeddable":true,"href":"https:\/\/jms.com.bo\/mediamonitor\/wp-json\/wp\/v2\/comments?post=49597"}],"version-history":[{"count":0,"href":"https:\/\/jms.com.bo\/mediamonitor\/wp-json\/wp\/v2\/posts\/49597\/revisions"}],"wp:featuredmedia":[{"embeddable":true,"href":"https:\/\/jms.com.bo\/mediamonitor\/wp-json\/wp\/v2\/media\/49598"}],"wp:attachment":[{"href":"https:\/\/jms.com.bo\/mediamonitor\/wp-json\/wp\/v2\/media?parent=49597"}],"wp:term":[{"taxonomy":"category","embeddable":true,"href":"https:\/\/jms.com.bo\/mediamonitor\/wp-json\/wp\/v2\/categories?post=49597"},{"taxonomy":"post_tag","embeddable":true,"href":"https:\/\/jms.com.bo\/mediamonitor\/wp-json\/wp\/v2\/tags?post=49597"}],"curies":[{"name":"wp","href":"https:\/\/api.w.org\/{rel}","templated":true}]}}