{"id":51118,"date":"2023-05-31T07:08:36","date_gmt":"2023-05-31T11:08:36","guid":{"rendered":"https:\/\/jms.com.bo\/mediamonitor\/2023\/05\/31\/montenegro-rechaza-silencio-complice-e-indica-que-dara-explicaciones-sobre-fassil-si-es-citado-a-interpelacion\/"},"modified":"2023-05-31T07:08:36","modified_gmt":"2023-05-31T11:08:36","slug":"montenegro-rechaza-silencio-complice-e-indica-que-dara-explicaciones-sobre-fassil-si-es-citado-a-interpelacion","status":"publish","type":"post","link":"https:\/\/jms.com.bo\/mediamonitor\/2023\/05\/31\/montenegro-rechaza-silencio-complice-e-indica-que-dara-explicaciones-sobre-fassil-si-es-citado-a-interpelacion\/","title":{"rendered":"Montenegro rechaza \u201csilencio c\u00f3mplice\u201d e indica que dar\u00e1 explicaciones sobre Fassil si es citado a interpelaci\u00f3n"},"content":{"rendered":"<p style=\"text-align: justify;\">Marcelo Montenegro, ministro de Econom\u00eda y Finanzas P\u00fablicas, rechaz\u00f3 que participe de un silencio \u201cc\u00f3mplice\u201d en el caso del banco Fassil intervenido y remarc\u00f3 que si es citado para una interpelaci\u00f3n la evaluar\u00e1 y brindar\u00e1 todas las explicaciones sobre el tema.<\/p>\n<p style=\"text-align: justify;\">La autoridad cuestion\u00f3 al diputado del MAS, Anyelo Gerardo C\u00e9spedes, que critic\u00f3 que Montenegro no se refiera al caso Fassil y guarde un silencio \u201cc\u00f3mplice\u201d, junto con la Autoridad de Supervisi\u00f3n del Sistema Financiero (ASFI) y de la Unidad de Investigaci\u00f3n Financiera (UIF).<\/p>\n<p style=\"text-align: justify;\">\u201cLamentamos las declaraciones del diputado Anyelo C\u00e9spedes cuando se\u00f1ala que como Ministerio de Econom\u00eda y yo como ministro del \u00e1rea guardamos un silencio c\u00f3mplice al indicar que ASFI y la UIF est\u00e1n bajo la tuici\u00f3n del Ministerio de Econom\u00eda. Se le debe decir al diputado que estas entidades tienen procesos de confidencialidad\u201d, sostuvo Montenegro.<\/p>\n<p style=\"text-align: justify;\">Manifest\u00f3 que seg\u00fan su criterio, pareciera que C\u00e9spedes lo quiere inducir a cometer delito, opinando sobre la investigaci\u00f3n o publicando datos que puedan da\u00f1ar al trabajo de la Justicia, lo que \u201cindica que el diputado desconoce la normativa\u201d, observ\u00f3 Montenegro.<\/p>\n<p style=\"text-align: justify;\">En caso de ser interpelado el ministro se\u00f1al\u00f3 que como representante del Poder Ejecutivo, brindar\u00e1 las respectivas explicaciones. \u201cSabemos nuestras competencias y estamos convencidos que se cumplieron los debidos procesos para llegar a la intervenci\u00f3n de banco Fassil\u201d, puntualiz\u00f3.<\/p>\n<p style=\"text-align: justify;\">Sobre las apreciaciones de C\u00e9spedes por el actuar tard\u00edo de la ASFI, Montenegro indic\u00f3 que primero se debe demostrar que la entidad actu\u00f3 de forma lenta y que este tipo de planteamientos solo busca dar palestra pol\u00edtica a personas que no tienen ning\u00fan tipo de argumento \u201csolido y que desconocen las disposiciones legales vigentes\u201d.<\/p>\n<p style=\"text-align: justify;\">\u200b\u201cImag\u00ednese, por dar le gusto a un diputado y no tener un silencio c\u00f3mplice como se dice, revele informaci\u00f3n confidencial, el proceso de investigaci\u00f3n estar\u00eda viciado\u201d, cuestion\u00f3 Montenegro, que reiter\u00f3 que el nombramiento del nuevo interventor es responsabilidad de la ASFI.<\/p>\n","protected":false},"excerpt":{"rendered":"<p>Marcelo Montenegro, ministro de Econom\u00eda y Finanzas P\u00fablicas, rechaz\u00f3 que participe de un silencio \u201cc\u00f3mplice\u201d en el caso del banco Fassil intervenido y remarc\u00f3 que si es citado para una interpelaci\u00f3n la evaluar\u00e1 y brindar\u00e1 todas las explicaciones sobre el tema. La autoridad cuestion\u00f3 al diputado del MAS, Anyelo Gerardo C\u00e9spedes, que critic\u00f3 que Montenegro [&hellip;]<\/p>\n","protected":false},"author":4,"featured_media":51119,"comment_status":"open","ping_status":"closed","sticky":false,"template":"","format":"standard","meta":{"footnotes":""},"categories":[25,45,48],"tags":[],"class_list":{"0":"post-51118","1":"post","2":"type-post","3":"status-publish","4":"format-standard","5":"has-post-thumbnail","7":"category-economia","8":"category-portada-economia","9":"category-portada-general-sitio"},"_links":{"self":[{"href":"https:\/\/jms.com.bo\/mediamonitor\/wp-json\/wp\/v2\/posts\/51118","targetHints":{"allow":["GET"]}}],"collection":[{"href":"https:\/\/jms.com.bo\/mediamonitor\/wp-json\/wp\/v2\/posts"}],"about":[{"href":"https:\/\/jms.com.bo\/mediamonitor\/wp-json\/wp\/v2\/types\/post"}],"author":[{"embeddable":true,"href":"https:\/\/jms.com.bo\/mediamonitor\/wp-json\/wp\/v2\/users\/4"}],"replies":[{"embeddable":true,"href":"https:\/\/jms.com.bo\/mediamonitor\/wp-json\/wp\/v2\/comments?post=51118"}],"version-history":[{"count":0,"href":"https:\/\/jms.com.bo\/mediamonitor\/wp-json\/wp\/v2\/posts\/51118\/revisions"}],"wp:featuredmedia":[{"embeddable":true,"href":"https:\/\/jms.com.bo\/mediamonitor\/wp-json\/wp\/v2\/media\/51119"}],"wp:attachment":[{"href":"https:\/\/jms.com.bo\/mediamonitor\/wp-json\/wp\/v2\/media?parent=51118"}],"wp:term":[{"taxonomy":"category","embeddable":true,"href":"https:\/\/jms.com.bo\/mediamonitor\/wp-json\/wp\/v2\/categories?post=51118"},{"taxonomy":"post_tag","embeddable":true,"href":"https:\/\/jms.com.bo\/mediamonitor\/wp-json\/wp\/v2\/tags?post=51118"}],"curies":[{"name":"wp","href":"https:\/\/api.w.org\/{rel}","templated":true}]}}