{"id":51177,"date":"2023-06-01T06:40:41","date_gmt":"2023-06-01T10:40:41","guid":{"rendered":"https:\/\/jms.com.bo\/mediamonitor\/2023\/06\/01\/denuncian-falta-de-equipos-insumos-y-malos-tratos-en-el-hospital-virgen-de-chaguaya-de-bermejo\/"},"modified":"2023-06-01T06:40:41","modified_gmt":"2023-06-01T10:40:41","slug":"denuncian-falta-de-equipos-insumos-y-malos-tratos-en-el-hospital-virgen-de-chaguaya-de-bermejo","status":"publish","type":"post","link":"https:\/\/jms.com.bo\/mediamonitor\/2023\/06\/01\/denuncian-falta-de-equipos-insumos-y-malos-tratos-en-el-hospital-virgen-de-chaguaya-de-bermejo\/","title":{"rendered":"Denuncian falta de equipos, insumos y malos tratos en el Hospital Virgen de Chaguaya de Bermejo"},"content":{"rendered":"<p style=\"text-align: justify;\">Las denuncias por una supuesta mala administraci\u00f3n en el Hospital Virgen de Chaguaya del municipio de Bermejo, catalogado de tercer nivel, no cesan.<\/p>\n<p style=\"text-align: justify;\">Los denunciantes, que han pedido mantener sus datos en reservas por temor a represalias, advirtieron que este nosocomio no cuenta con varios equipos que son esenciales para brindar atenci\u00f3n a los pacientes, como el equipo de Rayos X o el autoclave, que es necesario para la esterilizaci\u00f3n del instrumental y la ropa quir\u00fargica.<\/p>\n<p style=\"text-align: justify;\">Advierten un mal manejo del director del Hospital, Milton Visacho, quien presuntamente no ha respondido a los reclamos en torno a las necesidades que tiene el nosocomio, y, m\u00e1s al contrario, arremete contra el personal m\u00e9dico y de salud, y los acusa de brindar una mala atenci\u00f3n.<\/p>\n<p style=\"text-align: justify;\">Cabe recordar que similar reclamo hicieron los amigos del joven que muri\u00f3 a causa de un accidente de tr\u00e1nsito en Bermejo.<\/p>\n<p style=\"text-align: justify;\">\u201cEs una pena, nos han mandado a comprar agujas, medicamentos, no ten\u00edan nada\u201d, indic\u00f3 uno de los amigos de la persona afectada.<\/p>\n<p style=\"text-align: justify;\">Seg\u00fan el ABC Bermejo, la presidenta del Consejo Social de Salud, Sonia Rodr\u00edguez, neg\u00f3 que no existan insumos en el Hospital Virgen de Chaguaya y advirti\u00f3 que se trata de un \u201ccomplot\u201d del personal m\u00e9dico para destituir al director.<\/p>\n<p style=\"text-align: justify;\">Recientemente se ces\u00f3 de sus funciones al Responsable de Traumatolog\u00eda.<\/p>\n","protected":false},"excerpt":{"rendered":"<p>Las denuncias por una supuesta mala administraci\u00f3n en el Hospital Virgen de Chaguaya del municipio de Bermejo, catalogado de tercer nivel, no cesan. Los denunciantes, que han pedido mantener sus datos en reservas por temor a represalias, advirtieron que este nosocomio no cuenta con varios equipos que son esenciales para brindar atenci\u00f3n a los pacientes, [&hellip;]<\/p>\n","protected":false},"author":4,"featured_media":51178,"comment_status":"open","ping_status":"closed","sticky":false,"template":"","format":"standard","meta":{"footnotes":""},"categories":[53],"tags":[],"class_list":{"0":"post-51177","1":"post","2":"type-post","3":"status-publish","4":"format-standard","5":"has-post-thumbnail","7":"category-salud"},"_links":{"self":[{"href":"https:\/\/jms.com.bo\/mediamonitor\/wp-json\/wp\/v2\/posts\/51177","targetHints":{"allow":["GET"]}}],"collection":[{"href":"https:\/\/jms.com.bo\/mediamonitor\/wp-json\/wp\/v2\/posts"}],"about":[{"href":"https:\/\/jms.com.bo\/mediamonitor\/wp-json\/wp\/v2\/types\/post"}],"author":[{"embeddable":true,"href":"https:\/\/jms.com.bo\/mediamonitor\/wp-json\/wp\/v2\/users\/4"}],"replies":[{"embeddable":true,"href":"https:\/\/jms.com.bo\/mediamonitor\/wp-json\/wp\/v2\/comments?post=51177"}],"version-history":[{"count":0,"href":"https:\/\/jms.com.bo\/mediamonitor\/wp-json\/wp\/v2\/posts\/51177\/revisions"}],"wp:featuredmedia":[{"embeddable":true,"href":"https:\/\/jms.com.bo\/mediamonitor\/wp-json\/wp\/v2\/media\/51178"}],"wp:attachment":[{"href":"https:\/\/jms.com.bo\/mediamonitor\/wp-json\/wp\/v2\/media?parent=51177"}],"wp:term":[{"taxonomy":"category","embeddable":true,"href":"https:\/\/jms.com.bo\/mediamonitor\/wp-json\/wp\/v2\/categories?post=51177"},{"taxonomy":"post_tag","embeddable":true,"href":"https:\/\/jms.com.bo\/mediamonitor\/wp-json\/wp\/v2\/tags?post=51177"}],"curies":[{"name":"wp","href":"https:\/\/api.w.org\/{rel}","templated":true}]}}