{"id":51179,"date":"2023-06-01T06:42:00","date_gmt":"2023-06-01T10:42:00","guid":{"rendered":"https:\/\/jms.com.bo\/mediamonitor\/2023\/06\/01\/el-sector-salud-se-declara-en-emergencia-y-no-descarta-un-paro-nacional\/"},"modified":"2023-06-01T06:42:00","modified_gmt":"2023-06-01T10:42:00","slug":"el-sector-salud-se-declara-en-emergencia-y-no-descarta-un-paro-nacional","status":"publish","type":"post","link":"https:\/\/jms.com.bo\/mediamonitor\/2023\/06\/01\/el-sector-salud-se-declara-en-emergencia-y-no-descarta-un-paro-nacional\/","title":{"rendered":"El sector salud se declara en emergencia y no descarta un paro nacional"},"content":{"rendered":"<p style=\"text-align: justify;\">Los delegados de los Sirmes (Sindicato de Ramas M\u00e9dicas de Salud) de Bolivia se re\u00fanen en Cochabamba para analizar el incumplimiento de compromisos por parte del Ministerio de Salud y asumir medidas de presi\u00f3n.<\/p>\n<p style=\"text-align: justify;\">De acuerdo con el secretario general del Sirmes Cochabamba, Carlos Nava, y el secretario ejecutivo nacional de la Federaci\u00f3n de Sindicatos de Ramas M\u00e9dicas de Salud P\u00fablica (Fesirmes), Hern\u00e1n Jim\u00e9nez, hasta la fecha, el Gobierno central no dio cumplimento a los compromisos que se hicieron en mesas de trabajo.<\/p>\n<p style=\"text-align: justify;\">Se\u00f1alaron que no se atendi\u00f3 el crecimiento vegetativo de esta gesti\u00f3n; asimismo, no se hizo el pago del escalaf\u00f3n, categor\u00eda b\u00e1sica y de profesional a los que concursaron los a\u00f1os 2019 y 2020; no se hizo la estandarizaci\u00f3n de salarios al sector de enfermeras, psic\u00f3logos, trabajadores sociales y nutricionistas. Por otra parte, los representantes de los Sirmes se\u00f1alaron que no se realiz\u00f3 la reposici\u00f3n de \u00edtems ministeriales de los trabajadores del sector salud que fallecieron durante la pandemia y de los que se jubilaron.<\/p>\n<p style=\"text-align: justify;\">Pero tambi\u00e9n dieron a conocer su rechazo al proyecto de Ley 065 sobre el r\u00e9gimen de pensiones y exigieron la abrogaci\u00f3n de los decretos que el gobierno pretenden aprobar para el sector salud y educaci\u00f3n.<\/p>\n<p style=\"text-align: justify;\">\u201cComo federaci\u00f3n, nos estamos reuniendo con las 12 regionales para tomar determinaciones por el incumplimiento a los compromisos realizados en mesas de trabajo realizados con asesores del Ministerio de Salud (\u2026) Hasta la fecha no hay una respuesta del Gobierno. Por ejemplo, en el tema de \u00edtems, para Cochabamba se esta exigiendo 400, de los 4 mil que se requiere; y Santa Cruz requieren 1.300 \u00edtems\u201d, sostuvo Jim\u00e9nez.<\/p>\n","protected":false},"excerpt":{"rendered":"<p>Los delegados de los Sirmes (Sindicato de Ramas M\u00e9dicas de Salud) de Bolivia se re\u00fanen en Cochabamba para analizar el incumplimiento de compromisos por parte del Ministerio de Salud y asumir medidas de presi\u00f3n. De acuerdo con el secretario general del Sirmes Cochabamba, Carlos Nava, y el secretario ejecutivo nacional de la Federaci\u00f3n de Sindicatos [&hellip;]<\/p>\n","protected":false},"author":4,"featured_media":51180,"comment_status":"open","ping_status":"closed","sticky":false,"template":"","format":"standard","meta":{"footnotes":""},"categories":[53],"tags":[],"class_list":{"0":"post-51179","1":"post","2":"type-post","3":"status-publish","4":"format-standard","5":"has-post-thumbnail","7":"category-salud"},"_links":{"self":[{"href":"https:\/\/jms.com.bo\/mediamonitor\/wp-json\/wp\/v2\/posts\/51179","targetHints":{"allow":["GET"]}}],"collection":[{"href":"https:\/\/jms.com.bo\/mediamonitor\/wp-json\/wp\/v2\/posts"}],"about":[{"href":"https:\/\/jms.com.bo\/mediamonitor\/wp-json\/wp\/v2\/types\/post"}],"author":[{"embeddable":true,"href":"https:\/\/jms.com.bo\/mediamonitor\/wp-json\/wp\/v2\/users\/4"}],"replies":[{"embeddable":true,"href":"https:\/\/jms.com.bo\/mediamonitor\/wp-json\/wp\/v2\/comments?post=51179"}],"version-history":[{"count":0,"href":"https:\/\/jms.com.bo\/mediamonitor\/wp-json\/wp\/v2\/posts\/51179\/revisions"}],"wp:featuredmedia":[{"embeddable":true,"href":"https:\/\/jms.com.bo\/mediamonitor\/wp-json\/wp\/v2\/media\/51180"}],"wp:attachment":[{"href":"https:\/\/jms.com.bo\/mediamonitor\/wp-json\/wp\/v2\/media?parent=51179"}],"wp:term":[{"taxonomy":"category","embeddable":true,"href":"https:\/\/jms.com.bo\/mediamonitor\/wp-json\/wp\/v2\/categories?post=51179"},{"taxonomy":"post_tag","embeddable":true,"href":"https:\/\/jms.com.bo\/mediamonitor\/wp-json\/wp\/v2\/tags?post=51179"}],"curies":[{"name":"wp","href":"https:\/\/api.w.org\/{rel}","templated":true}]}}