{"id":51181,"date":"2023-06-01T06:44:15","date_gmt":"2023-06-01T10:44:15","guid":{"rendered":"https:\/\/jms.com.bo\/mediamonitor\/2023\/06\/01\/suben-a-ocho-los-decesos-por-influenza-en-santa-cruz\/"},"modified":"2023-06-01T06:44:15","modified_gmt":"2023-06-01T10:44:15","slug":"suben-a-ocho-los-decesos-por-influenza-en-santa-cruz","status":"publish","type":"post","link":"https:\/\/jms.com.bo\/mediamonitor\/2023\/06\/01\/suben-a-ocho-los-decesos-por-influenza-en-santa-cruz\/","title":{"rendered":"Suben a ocho los decesos por influenza en Santa Cruz"},"content":{"rendered":"<p style=\"text-align: justify;\">El Servicio Departamental de Salud (Sedes) Santa Cruz confirm\u00f3 este mi\u00e9rcoles el ascenso de casos de decesos por influenza en la regi\u00f3n, que ya alcanza a ocho. M\u00e1s de un millar de contagios de esta enfermedad respiratoria fueron reportados en la regi\u00f3n.<\/p>\n<p style=\"text-align: justify;\">\u201cEn el recuento total (tenemos) ocho fallecidos. Los dos \u00faltimos pacientes (son) adultos mayores, uno de 82 a\u00f1os, de sexo femenino sin vacuna con una enfermedad pulmonar obstructiva de base (\u2026); y el \u00faltimo paciente es de 65 a\u00f1os, sin vacuna con una patolog\u00eda de base renal y cardiaca\u201d, explic\u00f3 el gerente de Epidemiolog\u00eda del Sedes Santa Cruz, Carlos Hurtado.<\/p>\n<p style=\"text-align: justify;\">De acuerdo con el \u00faltimo informe del Ministerio de Salud, Santa Cruz es uno de los departamentos que se mantiene en situaci\u00f3n de epidemia frente a las infecciones respiratorias agudas (IRA). Si bien se ha destacado la cantidad de personas que acuden por su vacuna, tambi\u00e9n los casos van en incremento y suben los decesos por influenza.<\/p>\n<p style=\"text-align: justify;\">\u201cHasta hoy (mi\u00e9rcoles) tenemos reportados en el departamento 1.600 casos positivos de influenza y de estos el 40% se ha presentado en las \u00faltimas tres semanas, es decir, que en estas \u00faltimas tres semanas estamos viviendo una epidemia abrupta\u201d, afirm\u00f3.<\/p>\n<p style=\"text-align: justify;\">Los anteriores fallecidos tampoco estaban vacunados y ten\u00edan afecciones de base.<\/p>\n","protected":false},"excerpt":{"rendered":"<p>El Servicio Departamental de Salud (Sedes) Santa Cruz confirm\u00f3 este mi\u00e9rcoles el ascenso de casos de decesos por influenza en la regi\u00f3n, que ya alcanza a ocho. M\u00e1s de un millar de contagios de esta enfermedad respiratoria fueron reportados en la regi\u00f3n. \u201cEn el recuento total (tenemos) ocho fallecidos. Los dos \u00faltimos pacientes (son) adultos [&hellip;]<\/p>\n","protected":false},"author":4,"featured_media":51182,"comment_status":"open","ping_status":"closed","sticky":false,"template":"","format":"standard","meta":{"footnotes":""},"categories":[53],"tags":[],"class_list":{"0":"post-51181","1":"post","2":"type-post","3":"status-publish","4":"format-standard","5":"has-post-thumbnail","7":"category-salud"},"_links":{"self":[{"href":"https:\/\/jms.com.bo\/mediamonitor\/wp-json\/wp\/v2\/posts\/51181","targetHints":{"allow":["GET"]}}],"collection":[{"href":"https:\/\/jms.com.bo\/mediamonitor\/wp-json\/wp\/v2\/posts"}],"about":[{"href":"https:\/\/jms.com.bo\/mediamonitor\/wp-json\/wp\/v2\/types\/post"}],"author":[{"embeddable":true,"href":"https:\/\/jms.com.bo\/mediamonitor\/wp-json\/wp\/v2\/users\/4"}],"replies":[{"embeddable":true,"href":"https:\/\/jms.com.bo\/mediamonitor\/wp-json\/wp\/v2\/comments?post=51181"}],"version-history":[{"count":0,"href":"https:\/\/jms.com.bo\/mediamonitor\/wp-json\/wp\/v2\/posts\/51181\/revisions"}],"wp:featuredmedia":[{"embeddable":true,"href":"https:\/\/jms.com.bo\/mediamonitor\/wp-json\/wp\/v2\/media\/51182"}],"wp:attachment":[{"href":"https:\/\/jms.com.bo\/mediamonitor\/wp-json\/wp\/v2\/media?parent=51181"}],"wp:term":[{"taxonomy":"category","embeddable":true,"href":"https:\/\/jms.com.bo\/mediamonitor\/wp-json\/wp\/v2\/categories?post=51181"},{"taxonomy":"post_tag","embeddable":true,"href":"https:\/\/jms.com.bo\/mediamonitor\/wp-json\/wp\/v2\/tags?post=51181"}],"curies":[{"name":"wp","href":"https:\/\/api.w.org\/{rel}","templated":true}]}}