{"id":51187,"date":"2023-06-01T06:49:33","date_gmt":"2023-06-01T10:49:33","guid":{"rendered":"https:\/\/jms.com.bo\/mediamonitor\/2023\/06\/01\/sin-cuartos-intermedios-pobladores-de-faja-norte-mantienen-el-bloqueo-en-el-puente-de-yapacani\/"},"modified":"2023-06-01T06:49:33","modified_gmt":"2023-06-01T10:49:33","slug":"sin-cuartos-intermedios-pobladores-de-faja-norte-mantienen-el-bloqueo-en-el-puente-de-yapacani","status":"publish","type":"post","link":"https:\/\/jms.com.bo\/mediamonitor\/2023\/06\/01\/sin-cuartos-intermedios-pobladores-de-faja-norte-mantienen-el-bloqueo-en-el-puente-de-yapacani\/","title":{"rendered":"Sin cuartos intermedios, pobladores de Faja Norte mantienen el bloqueo en el puente de Yapacan\u00ed"},"content":{"rendered":"<p style=\"text-align: justify;\">Pasadas las 21:00, el bloqueo que fue instalado en el puente de Yapacan\u00ed por parte de los comunarios Faja Norte, contin\u00faa cumpli\u00e9ndose sin la declaratoria de cuarto intermedio y con una larga de fila de motorizados varados.<\/p>\n<p style=\"text-align: justify;\">Un gran grupo de pobladores trasladaron promontorios de tierra en el puente y a lo largo de la carretera que conecta Santa Cruz con el departamento de Cochabamba, exigiendo a la Gobernaci\u00f3n cruce\u00f1a que entregue el documento de priorizaci\u00f3n sectorial y financiamiento del proyecto de asfaltado de camino en la zona de la Faja Norte -Yapacan\u00ed, que es de 62 kil\u00f3metros.<\/p>\n<p style=\"text-align: justify;\">Uno de los comunarios inform\u00f3 a la corresponsal de EL DEBER, Soledad Prado, que durante el d\u00eda ninguna de las autoridades del ente departamental se comunic\u00f3 con ellos para dar una soluci\u00f3n a sus demandas, lo que ha causado la molestia de los protestantes.<\/p>\n<p style=\"text-align: justify;\">Dej\u00f3 en claro que no habr\u00e1 cuarto intermedio para aliviar la larga fila de rodados que est\u00e1n varados en la zona, hasta que el proyecto cuente con la firma del gobernador Luis Fernando Camacho.<\/p>\n<p style=\"text-align: justify;\">Al respecto, una comisi\u00f3n del Gobierno nacional lleg\u00f3 hasta el lugar para entablar un di\u00e1logo con los interculturales. Wilfredo Guti\u00e9rrez, viceministro de Transporte, manifest\u00f3 que el proyecto es de entera competencia de la Gobernaci\u00f3n y que el compromiso del Estado es buscar el financiamiento al 100%.<\/p>\n<p style=\"text-align: justify;\">\u201cBajo el lineamiento de cooperaci\u00f3n con el Gobierno departamental de Santa Cruz se ha quedado en que el Gobierno central va a buscar el financiamiento, primeramente declarando como prioridad el proyecto. La Gobernaci\u00f3n, para acceder al financiamiento, tiene que cumplir algunos requisitos\u201d, afirm\u00f3 Guti\u00e9rrez.<\/p>\n<p style=\"text-align: justify;\">Luego complement\u00f3 que varios requisitos fueron cumplidos, pero que a\u00fan faltaba rellenar la solicitud de declaratoria de prioridad, la cual tiene que estar firmada por el gobernador Camacho, actualmente recluido en el penal de Chonchocoro de La Paz.<\/p>\n<p style=\"text-align: justify;\">Por su parte, el secretario de Desarrollo Econ\u00f3mico, \u00c9dgar Land\u00edvar, anunci\u00f3 que este jueves se enviar\u00e1 la carta de priorizaci\u00f3n al penal de Chonchocoro de La Paz, para que esta sea firmada por el gobernador Luis Fernando Camacho, para la ejecuci\u00f3n la obra.<\/p>\n<p style=\"text-align: justify;\">Se\u00f1al\u00f3 que una vez rubricada por la primera autoridad del departamento, el viernes se har\u00e1 el respectivo armado de las carpetas para remitirlo a dicha cartera de Estado en la Sede de Gobierno.<\/p>\n<p style=\"text-align: justify;\">Land\u00edvar solicit\u00f3 a los pobladores de la zona de Faja Norte tener paciencia, y a la vez, advirti\u00f3 que si esta medida extrema persiste, se corre el peligro de no iniciar dicha obra para el viernes, tal como est\u00e1 planificado, cuyo presupuesto destinado es de Bs 23 millones.<\/p>\n<p style=\"text-align: justify;\">Pidi\u00f3 que una comisi\u00f3n de Faja Norte acompa\u00f1e a las autoridades de la Gobernaci\u00f3n en un viaje hacia La Paz, a fin de entregar la carta de priorizaci\u00f3n de la carretera.<\/p>\n","protected":false},"excerpt":{"rendered":"<p>Pasadas las 21:00, el bloqueo que fue instalado en el puente de Yapacan\u00ed por parte de los comunarios Faja Norte, contin\u00faa cumpli\u00e9ndose sin la declaratoria de cuarto intermedio y con una larga de fila de motorizados varados. Un gran grupo de pobladores trasladaron promontorios de tierra en el puente y a lo largo de la [&hellip;]<\/p>\n","protected":false},"author":4,"featured_media":51188,"comment_status":"open","ping_status":"closed","sticky":false,"template":"","format":"standard","meta":{"footnotes":""},"categories":[49],"tags":[],"class_list":{"0":"post-51187","1":"post","2":"type-post","3":"status-publish","4":"format-standard","5":"has-post-thumbnail","7":"category-social"},"_links":{"self":[{"href":"https:\/\/jms.com.bo\/mediamonitor\/wp-json\/wp\/v2\/posts\/51187","targetHints":{"allow":["GET"]}}],"collection":[{"href":"https:\/\/jms.com.bo\/mediamonitor\/wp-json\/wp\/v2\/posts"}],"about":[{"href":"https:\/\/jms.com.bo\/mediamonitor\/wp-json\/wp\/v2\/types\/post"}],"author":[{"embeddable":true,"href":"https:\/\/jms.com.bo\/mediamonitor\/wp-json\/wp\/v2\/users\/4"}],"replies":[{"embeddable":true,"href":"https:\/\/jms.com.bo\/mediamonitor\/wp-json\/wp\/v2\/comments?post=51187"}],"version-history":[{"count":0,"href":"https:\/\/jms.com.bo\/mediamonitor\/wp-json\/wp\/v2\/posts\/51187\/revisions"}],"wp:featuredmedia":[{"embeddable":true,"href":"https:\/\/jms.com.bo\/mediamonitor\/wp-json\/wp\/v2\/media\/51188"}],"wp:attachment":[{"href":"https:\/\/jms.com.bo\/mediamonitor\/wp-json\/wp\/v2\/media?parent=51187"}],"wp:term":[{"taxonomy":"category","embeddable":true,"href":"https:\/\/jms.com.bo\/mediamonitor\/wp-json\/wp\/v2\/categories?post=51187"},{"taxonomy":"post_tag","embeddable":true,"href":"https:\/\/jms.com.bo\/mediamonitor\/wp-json\/wp\/v2\/tags?post=51187"}],"curies":[{"name":"wp","href":"https:\/\/api.w.org\/{rel}","templated":true}]}}