{"id":51189,"date":"2023-06-01T06:50:55","date_gmt":"2023-06-01T10:50:55","guid":{"rendered":"https:\/\/jms.com.bo\/mediamonitor\/2023\/06\/01\/trabajadores-del-banco-fassil-anuncian-marcha-para-el-jueves-y-bloqueo-de-carretera-desde-el-viernes\/"},"modified":"2023-06-01T06:50:55","modified_gmt":"2023-06-01T10:50:55","slug":"trabajadores-del-banco-fassil-anuncian-marcha-para-el-jueves-y-bloqueo-de-carretera-desde-el-viernes","status":"publish","type":"post","link":"https:\/\/jms.com.bo\/mediamonitor\/2023\/06\/01\/trabajadores-del-banco-fassil-anuncian-marcha-para-el-jueves-y-bloqueo-de-carretera-desde-el-viernes\/","title":{"rendered":"Trabajadores del Banco Fassil anuncian marcha para el jueves y bloqueo de carretera desde el viernes"},"content":{"rendered":"<p style=\"text-align: justify;\">\u201cEl estado de situaci\u00f3n de las 4.600 familias el todo el pa\u00eds afectadas por la intervenci\u00f3n del Banco Fassil es insostenible y desesperante\u201d. As\u00ed, Juan Carlos Alarc\u00f3n y Javier Soliz, representantes de los trabajadores de la financiera, matiz\u00f3 la delicada situaci\u00f3n que viven ellos y sus colegas tras la intervenci\u00f3n de la financiera por parte de la Autoridad de Supervisi\u00f3n del Sistema Financiero (ASFI).<\/p>\n<p style=\"text-align: justify;\">Ambos dieron cuenta que dos d\u00edas antes del fallecimiento del interventor del Banco Fassil, Carlos Alberto Colodro, ellos hab\u00edan definido con dicha autoridad el cronograma de pago de salarios pendientes y la desvinculaci\u00f3n de los trabajadores para proceder al pago de beneficios sociales, acto que debi\u00f3 ejecutarse desde este lunes, pero que se frustr\u00f3 tras el deceso del interventor.<\/p>\n<p style=\"text-align: justify;\">\u201cCreemos que este procedimiento, con o sin interventor, no debe dilatarse porque es de pleno conocimiento de las autoridades jer\u00e1rquicas de la ASFI y es algo que est\u00e1 programado. Vemos falta de la voluntad de las autoridades de esta entidad para dar una respuesta satisfactoria a todos los trabajadores\u201d, expres\u00f3 Alarc\u00f3n, al complementar que tambi\u00e9n pidieron a la ASFI que medie para reprogramar los cr\u00e9ditos que la mayor\u00eda de sus colegas tienen en mora con entidades del sistema financiero nacional. Dice que tampoco no tuvieron respuesta oficial al respecto.<\/p>\n<p style=\"text-align: justify;\">Indicaron que el compromiso de tregua en sus movilizaciones asumido tras la muerte del interventor se cumpli\u00f3, por ello este mi\u00e9rcoles realizaron un plant\u00f3n fuera de las oficinas de la ASFI en Santa Cruz y que el jueves tienen programada una \u2018gran\u2019 marcha que partir\u00e1 desde el cuarto anillo de la avenida Banzer (oficinas centrales del ex banco) hasta el Cristo Redentor, segundo anillo.<\/p>\n<p style=\"text-align: justify;\">\u201cCumplida esta medida retomaremos, el viernes, el bloqueo de carreteras, no descartando como medida extrema la toma pacifica de algunas instituciones estatales\u201d, expresaron los representantes de los trabajadores de Fassil, al subrayar que las medidas de protesta hasta alcanzar el pago de salarios y de beneficios sociales tienen alcance nacional.<\/p>\n<p style=\"text-align: justify;\">La falta de informaci\u00f3n precisa sobre la muerte del interventor del Banco Fassil, seg\u00fan Lenny Valdivia, exdirectora de la ASFI, dificulta la designaci\u00f3n de un reemplazante, quien ve que el hecho dio lugar a \u2018mucha especulaci\u00f3n\u2019 y \u2018zozobra\u2019.<\/p>\n<p style=\"text-align: justify;\">Han transcurrido cuatro d\u00edas desde el fallecimiento de Colodro, pero la entidad reguladora a\u00fan no nombr\u00f3 al nuevo interventor, pese a que el domingo el director de la instituci\u00f3n, Reynaldo Yujra, dijo que tratar\u00e1 de que esa acci\u00f3n se realice \u201clo antes posible\u201d.<\/p>\n<p style=\"text-align: justify;\">La Ley de Servicios Financieros establece que el interventor tiene atribuciones en \u00e1reas legales, t\u00e9cnicas y contables, entre otras.<\/p>\n","protected":false},"excerpt":{"rendered":"<p>\u201cEl estado de situaci\u00f3n de las 4.600 familias el todo el pa\u00eds afectadas por la intervenci\u00f3n del Banco Fassil es insostenible y desesperante\u201d. As\u00ed, Juan Carlos Alarc\u00f3n y Javier Soliz, representantes de los trabajadores de la financiera, matiz\u00f3 la delicada situaci\u00f3n que viven ellos y sus colegas tras la intervenci\u00f3n de la financiera por parte [&hellip;]<\/p>\n","protected":false},"author":4,"featured_media":51190,"comment_status":"open","ping_status":"closed","sticky":false,"template":"","format":"standard","meta":{"footnotes":""},"categories":[49],"tags":[],"class_list":{"0":"post-51189","1":"post","2":"type-post","3":"status-publish","4":"format-standard","5":"has-post-thumbnail","7":"category-social"},"_links":{"self":[{"href":"https:\/\/jms.com.bo\/mediamonitor\/wp-json\/wp\/v2\/posts\/51189","targetHints":{"allow":["GET"]}}],"collection":[{"href":"https:\/\/jms.com.bo\/mediamonitor\/wp-json\/wp\/v2\/posts"}],"about":[{"href":"https:\/\/jms.com.bo\/mediamonitor\/wp-json\/wp\/v2\/types\/post"}],"author":[{"embeddable":true,"href":"https:\/\/jms.com.bo\/mediamonitor\/wp-json\/wp\/v2\/users\/4"}],"replies":[{"embeddable":true,"href":"https:\/\/jms.com.bo\/mediamonitor\/wp-json\/wp\/v2\/comments?post=51189"}],"version-history":[{"count":0,"href":"https:\/\/jms.com.bo\/mediamonitor\/wp-json\/wp\/v2\/posts\/51189\/revisions"}],"wp:featuredmedia":[{"embeddable":true,"href":"https:\/\/jms.com.bo\/mediamonitor\/wp-json\/wp\/v2\/media\/51190"}],"wp:attachment":[{"href":"https:\/\/jms.com.bo\/mediamonitor\/wp-json\/wp\/v2\/media?parent=51189"}],"wp:term":[{"taxonomy":"category","embeddable":true,"href":"https:\/\/jms.com.bo\/mediamonitor\/wp-json\/wp\/v2\/categories?post=51189"},{"taxonomy":"post_tag","embeddable":true,"href":"https:\/\/jms.com.bo\/mediamonitor\/wp-json\/wp\/v2\/tags?post=51189"}],"curies":[{"name":"wp","href":"https:\/\/api.w.org\/{rel}","templated":true}]}}