{"id":51197,"date":"2023-06-01T06:56:30","date_gmt":"2023-06-01T10:56:30","guid":{"rendered":"https:\/\/jms.com.bo\/mediamonitor\/2023\/06\/01\/instruyen-reprogramar-creditos-de-afectados-por-intervencion-de-fassil-desastres-naturales-y-conflictos\/"},"modified":"2023-06-01T06:56:30","modified_gmt":"2023-06-01T10:56:30","slug":"instruyen-reprogramar-creditos-de-afectados-por-intervencion-de-fassil-desastres-naturales-y-conflictos","status":"publish","type":"post","link":"https:\/\/jms.com.bo\/mediamonitor\/2023\/06\/01\/instruyen-reprogramar-creditos-de-afectados-por-intervencion-de-fassil-desastres-naturales-y-conflictos\/","title":{"rendered":"Instruyen reprogramar cr\u00e9ditos de afectados por intervenci\u00f3n de Fassil, desastres naturales y conflictos"},"content":{"rendered":"<p style=\"text-align: justify;\">La Autoridad de Supervisi\u00f3n del Sistema Financiero (ASFI) dispuso la \u201creprogramaci\u00f3n de cr\u00e9ditos\u201d, con per\u00edodos de gracia u otros mecanismos, para prestatarios del sistema financiero que resultaron afectados por fen\u00f3menos climatol\u00f3gicos, la crisis internacional, el prolongado paro en Per\u00fa y la reciente intervenci\u00f3n del Banco Fassil.<\/p>\n<p style=\"text-align: justify;\">As\u00ed inform\u00f3 este mi\u00e9rcoles el director de ASFI, Reynaldo Yujra, al presentar una circular aprobada el martes y que fue enviada a las distintas entidades financieras para la reprogramaci\u00f3n de cr\u00e9ditos que soliciten los prestatarios que hayan visto afectados sus ingresos.<\/p>\n<p style=\"text-align: justify;\">\u201cLas entidades de intermediaci\u00f3n financiera deben atender y analizar las solicitudes de reprogramaci\u00f3n de aquellos prestatarios de sectores afectados en sus ingresos por factores ajenos al \u00e1mbito de sus actividades derivados de conflictos sociales locales y externos que inciden en los precios nacionales e internacionales, as\u00ed como por situaciones coyunturales y eventos climatol\u00f3gicos\u201d, establece la circular le\u00edda por Yujra, en la conferencia de prensa en la que present\u00f3 a Luis Gonzalo Araoz como nuevo interventor de Fassil.<\/p>\n<p style=\"text-align: justify;\">En las \u00faltimas semanas, luego de la intervenci\u00f3n de Fassil, los trabajadores de este banco solicitaron la reprogramaci\u00f3n de los cr\u00e9ditos porque perdieron sus fuentes laborales de forma inesperada y que les deben sus sueldos.<\/p>\n<p style=\"text-align: justify;\">Yujra explic\u00f3 que cada entidad financiera deber\u00e1 hacer una evaluaci\u00f3n individual del solicitante, tomando en cuenta su nueva capacidad de pago y las perspectivas futuras de sus actividades.<\/p>\n<p style=\"text-align: justify;\">\u201cEsta reprogramaci\u00f3n debe ser efectuada en el marco de la situaci\u00f3n particular de cada prestatario, pudiendo incorporarse periodos de gracia o alg\u00fan otro mecanismo que facilite las condiciones en las que se encuentra el prestatario\u201d, detall\u00f3.<\/p>\n<p style=\"text-align: justify;\">El estado del cr\u00e9dito ni la calificaci\u00f3n de riesgo del beneficiario resultar\u00e1n afectados por este beneficio.<\/p>\n","protected":false},"excerpt":{"rendered":"<p>La Autoridad de Supervisi\u00f3n del Sistema Financiero (ASFI) dispuso la \u201creprogramaci\u00f3n de cr\u00e9ditos\u201d, con per\u00edodos de gracia u otros mecanismos, para prestatarios del sistema financiero que resultaron afectados por fen\u00f3menos climatol\u00f3gicos, la crisis internacional, el prolongado paro en Per\u00fa y la reciente intervenci\u00f3n del Banco Fassil. As\u00ed inform\u00f3 este mi\u00e9rcoles el director de ASFI, Reynaldo [&hellip;]<\/p>\n","protected":false},"author":4,"featured_media":51198,"comment_status":"open","ping_status":"closed","sticky":false,"template":"","format":"standard","meta":{"footnotes":""},"categories":[20,47,48],"tags":[],"class_list":{"0":"post-51197","1":"post","2":"type-post","3":"status-publish","4":"format-standard","5":"has-post-thumbnail","7":"category-actualidad","8":"category-portada-actualidad","9":"category-portada-general-sitio"},"_links":{"self":[{"href":"https:\/\/jms.com.bo\/mediamonitor\/wp-json\/wp\/v2\/posts\/51197","targetHints":{"allow":["GET"]}}],"collection":[{"href":"https:\/\/jms.com.bo\/mediamonitor\/wp-json\/wp\/v2\/posts"}],"about":[{"href":"https:\/\/jms.com.bo\/mediamonitor\/wp-json\/wp\/v2\/types\/post"}],"author":[{"embeddable":true,"href":"https:\/\/jms.com.bo\/mediamonitor\/wp-json\/wp\/v2\/users\/4"}],"replies":[{"embeddable":true,"href":"https:\/\/jms.com.bo\/mediamonitor\/wp-json\/wp\/v2\/comments?post=51197"}],"version-history":[{"count":0,"href":"https:\/\/jms.com.bo\/mediamonitor\/wp-json\/wp\/v2\/posts\/51197\/revisions"}],"wp:featuredmedia":[{"embeddable":true,"href":"https:\/\/jms.com.bo\/mediamonitor\/wp-json\/wp\/v2\/media\/51198"}],"wp:attachment":[{"href":"https:\/\/jms.com.bo\/mediamonitor\/wp-json\/wp\/v2\/media?parent=51197"}],"wp:term":[{"taxonomy":"category","embeddable":true,"href":"https:\/\/jms.com.bo\/mediamonitor\/wp-json\/wp\/v2\/categories?post=51197"},{"taxonomy":"post_tag","embeddable":true,"href":"https:\/\/jms.com.bo\/mediamonitor\/wp-json\/wp\/v2\/tags?post=51197"}],"curies":[{"name":"wp","href":"https:\/\/api.w.org\/{rel}","templated":true}]}}