{"id":51199,"date":"2023-06-01T06:58:02","date_gmt":"2023-06-01T10:58:02","guid":{"rendered":"https:\/\/jms.com.bo\/mediamonitor\/2023\/06\/01\/si-algo-me-pasa-sera-responsable-la-asamblea-diputada-del-mas-denuncia-que-recibe-amenazas-de-muerte\/"},"modified":"2023-06-01T06:58:02","modified_gmt":"2023-06-01T10:58:02","slug":"si-algo-me-pasa-sera-responsable-la-asamblea-diputada-del-mas-denuncia-que-recibe-amenazas-de-muerte","status":"publish","type":"post","link":"https:\/\/jms.com.bo\/mediamonitor\/2023\/06\/01\/si-algo-me-pasa-sera-responsable-la-asamblea-diputada-del-mas-denuncia-que-recibe-amenazas-de-muerte\/","title":{"rendered":"\u201cSi algo me pasa ser\u00e1 responsable la Asamblea\u201d: Diputada del MAS denuncia que recibe amenazas de muerte"},"content":{"rendered":"<p style=\"text-align: justify;\">La diputada del Movimiento Al Socialismo (MAS), Mar\u00eda Alanoca, denunci\u00f3 que recibi\u00f3 una amenaza de muerte de parte de una colega parlamentaria del mismo partido.<\/p>\n<p style=\"text-align: justify;\">\u201cAl pueblo boliviano quiero denunciar, seguramente ya debe estar contratado para matarme, c\u00f3mo es posible. Estoy medio atufada y asustada en este momento, hermano Jerges. Si algo me pasa de aqu\u00ed en adelante va a ser directamente (responsable) la Asamblea o sino directamente do\u00f1a Basilia Rojas\u201d, denunci\u00f3 ayer Alanoca durante la sesi\u00f3n de interpelaci\u00f3n al ministro de Justicia, Iv\u00e1n Lima.<\/p>\n<p style=\"text-align: justify;\">La asamble\u00edsta manifest\u00f3 que ya no es libre ni para ir por un vaso de agua. Asegur\u00f3 que ella nunca le ha faltado el respeto a ninguna de sus colegas de la Asamblea.<\/p>\n<p style=\"text-align: justify;\">\u201cCada quien tenemos libre expresi\u00f3n, podemos hablar. Nosotros escuchamos callados a todas las diputadas cuando se expresan, pero nosotros no amenazamos\u201d, dijo en su intervenci\u00f3n.<\/p>\n<p style=\"text-align: justify;\">Ante la denuncia de Alanoca, el presidente de la C\u00e1mara de Diputados, Jerges Mercado, pidi\u00f3 respeto entre los legisladores y considera que muchos tienen delirio de persecuci\u00f3n.<\/p>\n<p style=\"text-align: justify;\">\u201cEs inadmisible que estemos amenaz\u00e1ndonos entre nosotros y tambi\u00e9n es una verg\u00fcenza que estemos con delirio de persecuci\u00f3n muchos. Vivimos en un estado de derecho y est\u00e1 garantizada nuestra seguridad\u201d, dijo el presidente de Diputados.<\/p>\n","protected":false},"excerpt":{"rendered":"<p>La diputada del Movimiento Al Socialismo (MAS), Mar\u00eda Alanoca, denunci\u00f3 que recibi\u00f3 una amenaza de muerte de parte de una colega parlamentaria del mismo partido. \u201cAl pueblo boliviano quiero denunciar, seguramente ya debe estar contratado para matarme, c\u00f3mo es posible. Estoy medio atufada y asustada en este momento, hermano Jerges. Si algo me pasa de [&hellip;]<\/p>\n","protected":false},"author":4,"featured_media":51200,"comment_status":"open","ping_status":"closed","sticky":false,"template":"","format":"standard","meta":{"footnotes":""},"categories":[18],"tags":[],"class_list":{"0":"post-51199","1":"post","2":"type-post","3":"status-publish","4":"format-standard","5":"has-post-thumbnail","7":"category-politica"},"_links":{"self":[{"href":"https:\/\/jms.com.bo\/mediamonitor\/wp-json\/wp\/v2\/posts\/51199","targetHints":{"allow":["GET"]}}],"collection":[{"href":"https:\/\/jms.com.bo\/mediamonitor\/wp-json\/wp\/v2\/posts"}],"about":[{"href":"https:\/\/jms.com.bo\/mediamonitor\/wp-json\/wp\/v2\/types\/post"}],"author":[{"embeddable":true,"href":"https:\/\/jms.com.bo\/mediamonitor\/wp-json\/wp\/v2\/users\/4"}],"replies":[{"embeddable":true,"href":"https:\/\/jms.com.bo\/mediamonitor\/wp-json\/wp\/v2\/comments?post=51199"}],"version-history":[{"count":0,"href":"https:\/\/jms.com.bo\/mediamonitor\/wp-json\/wp\/v2\/posts\/51199\/revisions"}],"wp:featuredmedia":[{"embeddable":true,"href":"https:\/\/jms.com.bo\/mediamonitor\/wp-json\/wp\/v2\/media\/51200"}],"wp:attachment":[{"href":"https:\/\/jms.com.bo\/mediamonitor\/wp-json\/wp\/v2\/media?parent=51199"}],"wp:term":[{"taxonomy":"category","embeddable":true,"href":"https:\/\/jms.com.bo\/mediamonitor\/wp-json\/wp\/v2\/categories?post=51199"},{"taxonomy":"post_tag","embeddable":true,"href":"https:\/\/jms.com.bo\/mediamonitor\/wp-json\/wp\/v2\/tags?post=51199"}],"curies":[{"name":"wp","href":"https:\/\/api.w.org\/{rel}","templated":true}]}}