{"id":51201,"date":"2023-06-01T06:59:22","date_gmt":"2023-06-01T10:59:22","guid":{"rendered":"https:\/\/jms.com.bo\/mediamonitor\/2023\/06\/01\/el-caso-colodro-no-esta-cerrado-y-ven-contaminacion-de-evidencias\/"},"modified":"2023-06-01T06:59:22","modified_gmt":"2023-06-01T10:59:22","slug":"el-caso-colodro-no-esta-cerrado-y-ven-contaminacion-de-evidencias","status":"publish","type":"post","link":"https:\/\/jms.com.bo\/mediamonitor\/2023\/06\/01\/el-caso-colodro-no-esta-cerrado-y-ven-contaminacion-de-evidencias\/","title":{"rendered":"El caso Colodro no est\u00e1 cerrado y ven contaminaci\u00f3n de evidencias"},"content":{"rendered":"<p style=\"text-align: justify;\">La muerte del interventor del banco Fassil, Carlos Alberto Colodro, no es un caso cerrado. A\u00fan restan pesquisas y se desconoce el contenido de las im\u00e1genes captadas por las 64 c\u00e1maras del edificio Ambassador. Adem\u00e1s, la familia de la autoridad fallecida rechaz\u00f3 el contenido del informe presentado por ministro de Gobierno, Eduardo del Castillo, en el que se asegura que fue un suicidio.<\/p>\n<p style=\"text-align: justify;\">Entre otras evidencias, la autoridad present\u00f3 una nota de despedida, pero sus allegados dudan de la veracidad de esa evidencia.<\/p>\n<p style=\"text-align: justify;\">\u201cEl proceso investigativo no est\u00e1 cerrado, pero hemos establecido, fehacientemente, que no ha actuado ninguna persona en el momento en el que el se\u00f1or Colodro decide lanzarse desde el piso 15\u201d, afirm\u00f3 por su lado el comandante de la Polic\u00eda de Santa Cruz, Erick Holgu\u00edn, a los periodistas.<\/p>\n<p style=\"text-align: justify;\">De hecho, Del Castillo admiti\u00f3 el martes que a\u00fan faltaban otras pruebas cient\u00edficas y complementarias, pero lo hizo tras concluir que Colodro se hab\u00eda suicidado. Sustent\u00f3 esta afirmaci\u00f3n en seis evidencias, entre ellas algunas de las im\u00e1genes captadas por las c\u00e1maras de seguridad del edificio Ambassador donde se dieron los hechos del pasado 27 de mayo.<\/p>\n<p style=\"text-align: justify;\">Jorge Valda, el abogado de la familia del interventor y juristas de la fundaci\u00f3n Global Human Rights League, calificaron de \u201cincongruente\u201d, la informaci\u00f3n sobre el resultado de las pericias presentadas el martes por el Gobierno.<\/p>\n<p style=\"text-align: justify;\">En ese contexto, Valda cuestion\u00f3 que la Polic\u00eda no haya solicitado a la familia otros manuscritos de Colodro para comparar tanto la caligraf\u00eda como la r\u00fabrica de la nota. \u201cNo se solicit\u00f3 muestras para los grafismos ni documentos para hacer el cotejo\u201d, remarc\u00f3.<\/p>\n<p style=\"text-align: justify;\">Valda tambi\u00e9n observ\u00f3 que en el informe no est\u00e9n todas las im\u00e1genes de las c\u00e1maras de vigilancia que dan al balc\u00f3n desde donde se el interventor pudo lanzarse. \u201cCon eso no habr\u00eda lugar a dudas o a una investigaci\u00f3n o a leer cartas p\u00f3stumas falsas, sino mostrar o tener seguridad de que esa filmaci\u00f3n existe, pero si siguen ocultando informaci\u00f3n y tergiversando los hechos, esta informaci\u00f3n resulta altamente contradictoria\u201d, puntualiz\u00f3 ayer durante una rueda de prensa en Santa Cruz.<\/p>\n<p style=\"text-align: justify;\">Para Valda, \u201clos elementos que se han colectado y que se siguen colectando en esta investigaci\u00f3n, est\u00e1n incompletos y contaminados. La fotograf\u00eda tomada al d\u00eda siguiente nos muestra manchas de sangre con arrastramiento en un lugar que est\u00e1 distante del punto de donde habr\u00eda ca\u00eddo (Colodro). Probablemente al punto de haberlo levantado, nos se\u00f1alan que lo hubieran colocado al lado, pero eso est\u00e1 a m\u00e1s de 10 metros de donde el se\u00f1or Colodro hubiera ca\u00eddo\u201d.<\/p>\n<p style=\"text-align: justify;\">Otra de las incongruencias, dijo, es sobre la colecci\u00f3n de muestras durante la autopsia, elementos que deben ser sometidos a pruebas patol\u00f3gicas para determinar si existen o no algunos rastros de heridas de defensa.<\/p>\n<p style=\"text-align: justify;\">Del Castillo dijo que el reporte fue elaborado por el Instituto de Investigaciones T\u00e9cnico Cient\u00edficas de la Universidad Policial (Iitcup) y del Instituto de Investigaciones Forenses (IDIF) de la Fiscal\u00eda. Precis\u00f3 que la carta y las pertenencias de Colodro fueron secuestradas a la 1:00 del domingo 28 de mayo de la oficina del piso 15 del edificio Ambassador desde donde se lanz\u00f3 el interventor del Fassil.<\/p>\n<p style=\"text-align: justify;\">En su exposici\u00f3n, asegur\u00f3 que se cumplieron con los actuados de la ley, pero no precis\u00f3 cu\u00e1l fue la unidad que actu\u00f3 en la recolecci\u00f3n de las pruebas.<\/p>\n<p style=\"text-align: justify;\">Alejandro Colanzi, abogado crimin\u00f3logo y presidente de la Academia Boliviana de Ciencias Criminol\u00f3gicas, cuestion\u00f3 que Del Castillo haya centralizado esas pericias, cuando esa es una tarea de la Fiscal\u00eda. Se\u00f1al\u00f3, en ese marco, que la evidencia de la carta \u201cest\u00e1 contaminada\u201d.<\/p>\n<p style=\"text-align: justify;\">\u201cNadie habl\u00f3 de una carta. Los familiares que estuvieron toda la noche no hablaban de carta. El fiscal ni la Polic\u00eda no hablaban de carta y de repente aparece el ministro con la carta mostr\u00e1ndola\u201d, cuestion\u00f3 el especialista. En ese contexto, Colanzi dijo que la familia tiene el derecho de pedir una pericia independiente.<\/p>\n<p style=\"text-align: justify;\">Por su lado los abogados de la familia anunciaron que presentar\u00e1n una denuncia ante la Comisi\u00f3n Internacional de Derechos Humanos (CIDH) y solicitar\u00e1n la aplicaci\u00f3n de las medidas cautelares tanto para la familia.<\/p>\n","protected":false},"excerpt":{"rendered":"<p>La muerte del interventor del banco Fassil, Carlos Alberto Colodro, no es un caso cerrado. A\u00fan restan pesquisas y se desconoce el contenido de las im\u00e1genes captadas por las 64 c\u00e1maras del edificio Ambassador. Adem\u00e1s, la familia de la autoridad fallecida rechaz\u00f3 el contenido del informe presentado por ministro de Gobierno, Eduardo del Castillo, en [&hellip;]<\/p>\n","protected":false},"author":4,"featured_media":51202,"comment_status":"open","ping_status":"closed","sticky":false,"template":"","format":"standard","meta":{"footnotes":""},"categories":[18],"tags":[],"class_list":{"0":"post-51201","1":"post","2":"type-post","3":"status-publish","4":"format-standard","5":"has-post-thumbnail","7":"category-politica"},"_links":{"self":[{"href":"https:\/\/jms.com.bo\/mediamonitor\/wp-json\/wp\/v2\/posts\/51201","targetHints":{"allow":["GET"]}}],"collection":[{"href":"https:\/\/jms.com.bo\/mediamonitor\/wp-json\/wp\/v2\/posts"}],"about":[{"href":"https:\/\/jms.com.bo\/mediamonitor\/wp-json\/wp\/v2\/types\/post"}],"author":[{"embeddable":true,"href":"https:\/\/jms.com.bo\/mediamonitor\/wp-json\/wp\/v2\/users\/4"}],"replies":[{"embeddable":true,"href":"https:\/\/jms.com.bo\/mediamonitor\/wp-json\/wp\/v2\/comments?post=51201"}],"version-history":[{"count":0,"href":"https:\/\/jms.com.bo\/mediamonitor\/wp-json\/wp\/v2\/posts\/51201\/revisions"}],"wp:featuredmedia":[{"embeddable":true,"href":"https:\/\/jms.com.bo\/mediamonitor\/wp-json\/wp\/v2\/media\/51202"}],"wp:attachment":[{"href":"https:\/\/jms.com.bo\/mediamonitor\/wp-json\/wp\/v2\/media?parent=51201"}],"wp:term":[{"taxonomy":"category","embeddable":true,"href":"https:\/\/jms.com.bo\/mediamonitor\/wp-json\/wp\/v2\/categories?post=51201"},{"taxonomy":"post_tag","embeddable":true,"href":"https:\/\/jms.com.bo\/mediamonitor\/wp-json\/wp\/v2\/tags?post=51201"}],"curies":[{"name":"wp","href":"https:\/\/api.w.org\/{rel}","templated":true}]}}