{"id":51203,"date":"2023-06-01T07:01:29","date_gmt":"2023-06-01T11:01:29","guid":{"rendered":"https:\/\/jms.com.bo\/mediamonitor\/2023\/06\/01\/opositores-allanan-por-tercera-vez-las-metas-del-oficialismo-en-el-legislativo\/"},"modified":"2023-06-01T07:01:29","modified_gmt":"2023-06-01T11:01:29","slug":"opositores-allanan-por-tercera-vez-las-metas-del-oficialismo-en-el-legislativo","status":"publish","type":"post","link":"https:\/\/jms.com.bo\/mediamonitor\/2023\/06\/01\/opositores-allanan-por-tercera-vez-las-metas-del-oficialismo-en-el-legislativo\/","title":{"rendered":"Opositores allanan por tercera vez las metas del oficialismo en el Legislativo"},"content":{"rendered":"<p style=\"text-align: justify;\">La elecci\u00f3n del Defensor del Pueblo en septiembre de 2022, la aprobaci\u00f3n de la Ley del Oro con respaldo de legisladores \u201ctr\u00e1nsfugas\u201d y la ratificaci\u00f3n del ministro Iv\u00e1n Lima con un voto de Comunidad Ciudadana (CC), y la ausencia de otros, son muestras de que la oposici\u00f3n allan\u00f3 el camino del oficialismo al menos tres veces en menos de ocho meses.<\/p>\n<p style=\"text-align: justify;\">El \u00faltimo favor opositor sucedi\u00f3 la madrugada del mi\u00e9rcoles en la sesi\u00f3n de interpelaci\u00f3n del ministro de Justicia, Iv\u00e1n Lima, convocado por la bancada de CC para que informe sobre la situaci\u00f3n cr\u00edtica de la justicia en Bolivia y el respeto a los derechos humanos.<\/p>\n<p style=\"text-align: justify;\">Por los resultados de la votaci\u00f3n, se conoce que las bancadas de CC y Creemos salvaron de la censura a Lima.<\/p>\n<p style=\"text-align: justify;\">Los resultados finales en Diputados fueron los siguientes: por censura 65 votos, no a la censura 40, el titular Jerges Mercado no vot\u00f3. En Senadores votaron por la censura 18, por la no censura ocho y dos blancos. El total de votos, de 133, se necesitaban 89 para la censura de Lima, pero solo alcanzaron 83. Faltaron seis votos para llegar a los 2\/3 y censurar a Lima. En Diputados, siete integrantes de CC ten\u00edan licencia. En Senadores, uno de CC estaba con permiso y uno vot\u00f3 a favor.<\/p>\n<p style=\"text-align: justify;\">El diputado evista Ramiro Venegas atribuy\u00f3 a una componenda entre el Gobierno, una facci\u00f3n de CC y de Creemos para salvar a Lima.<\/p>\n<p style=\"text-align: justify;\">\u201cAqu\u00ed hay una componenda entre la megacoalici\u00f3n del gobierno y una facci\u00f3n de Comunidad Ciudadana y Creemos que son los traidores a la patria. Hace un mes les faltaron ocho votos, ahora seis y eso se va ir reduciendo\u201d, afirm\u00f3 Venegas.<\/p>\n<p style=\"text-align: justify;\">Un mes atr\u00e1s la oposici\u00f3n tambi\u00e9n jug\u00f3 un rol importante para aprobar la Ley del Oro, que despu\u00e9s de una marat\u00f3nica sesi\u00f3n de 22 horas en la C\u00e1mara de Diputados apoyaron la norma con legisladores \u201ctr\u00e1nsfugas\u201d, 12 de CC y siete de Creemos.<\/p>\n<p style=\"text-align: justify;\">Despu\u00e9s de la votaci\u00f3n los legisladores deb\u00edan enviar una foto del voto en rechazo al proyecto de ley, pero en CC 12 no lo hicieron. En tanto en Creemos pas\u00f3 algo similar en medio de una lluvia de acusaciones mutuas.<\/p>\n<p style=\"text-align: justify;\">Ante ese escenario, los evistas que supuestamente no apoyaron la Ley del Oro criticaron a los l\u00edderes de CC y Creemos, Carlos Mesa y Fernando Camacho, y les preguntaron qu\u00e9 har\u00e1n \u201ccon sus diputados traidores que le dieron la espalda y que tambi\u00e9n vendieron su conciencia\u201d.<\/p>\n<p style=\"text-align: justify;\">El otro hecho que tambi\u00e9n allan\u00f3 otra meta del oficialismo sucedi\u00f3 el 24 de septiembre de 2022, cuando el MAS logr\u00f3 designar a Pedro Callisaya como defensor del Pueblo con una maniobra, puesto que a \u00faltimo momento cambiaron el orden del d\u00eda de la sesi\u00f3n de la Asamblea Legislativa Plurinacional (ALP) aprovechando la ausencia de 32 legisladores opositores que pidieron licencia, 13 de ellos para asistir al aniversario de Santa Cruz.<\/p>\n<p style=\"text-align: justify;\">Ese d\u00eda sesionaron 121 legisladores, de los cuales 95 votaron a favor de Callisaya, logrando los dos tercios, dos en blanco y 24 opositores se obtuvieron mientras 32 estaban ausentes.<\/p>\n<p style=\"text-align: justify;\">Acciones a favor<\/p>\n<p style=\"text-align: justify;\">Oro \u2022 La Ley del Oro fue aprobada el 22 de abril de este a\u00f1o con 73 votos, frente a 45 de rechazo. Un d\u00eda antes el proyecto ten\u00eda 54 a favor, 24 en contra y 41 blancos.<\/p>\n<p style=\"text-align: justify;\">Respaldos\u2022 Hasta la fecha 13 diputados de Comunidad Ciudadana y siete de Creemos son observados por presuntamente favorecer al MAS. En CC hablan hasta de expulsar a los traidores.<\/p>\n<p style=\"text-align: justify;\">Salame\u2022 La senadora Silvia Salame, de CC, que respald\u00f3 a Iv\u00e1n Lima, dijo que su censura no servir\u00eda de nada, adem\u00e1s que las preguntas de la interpelaci\u00f3n ten\u00edan deficiencias y no eran t\u00e9cnicas.<\/p>\n<p style=\"text-align: justify;\">A CC le incomoda el apoyo que Salame le dio a Iv\u00e1n Lima<\/p>\n<p style=\"text-align: justify;\">Comunidad Ciudadana (CC) emiti\u00f3 un comunicado en el que sostiene que la decisi\u00f3n de la senadora Silvia Salame, que rechaz\u00f3 la censura del ministro de Justicia, Iv\u00e1n Lima, \u201cfue personal\u201d y contraria a la posici\u00f3n de esa fuerza pol\u00edtica. Tambi\u00e9n indica que pedir\u00e1 una justificaci\u00f3n a la legisladora.<\/p>\n<p style=\"text-align: justify;\">\u201cLa decisi\u00f3n de la senadora Silvia Salame fue personal y contraria a la posici\u00f3n de la Alianza y de las y los parlamentarios presentes, y en atenci\u00f3n a las normas internas de Comunidad Ciudadana, se le pedir\u00e1 una justificaci\u00f3n\u201d, se lee en la nota.<\/p>\n<p style=\"text-align: justify;\">La senadora de oposici\u00f3n expres\u00f3 su respaldo a Lima ayer durante su interpelaci\u00f3n en la Asamblea Legislativa, para que el mismo contin\u00fae en el cargo de ministro de Justicia. Ella indic\u00f3 que un cambio de autoridad ser\u00eda un \u201cretroceso\u201d y pidi\u00f3 al ministro que reconduzca la preselecci\u00f3n candidatos a magistrados del \u00d3rgano Judicial.<\/p>\n<p style=\"text-align: justify;\">La decisi\u00f3n de Salame desat\u00f3 sorpresa y molestia en la bancada opositora, incluso hubo el pedido de expulsi\u00f3n de las filas de CC.<\/p>\n<p style=\"text-align: justify;\">\u201cAyer ha pelado capucha y ha demostrado estar al lado del Gobierno. Mi persona, que proviene de la generaci\u00f3n pitita, de la defensa del 21F, voy a pedir la expulsi\u00f3n de esta senadora de Comunidad Ciudadana, porque nosotros no podemos traicionar el voto ciudadano, pr\u00e1cticamente esta senadora ha avalado la persecuci\u00f3n pol\u00edtica que est\u00e1 realizando Iv\u00e1n Lima\u201d, manifest\u00f3 el diputado Beto Astorga.<\/p>\n<p style=\"text-align: justify;\">La diputada Luisa Nayar se\u00f1al\u00f3: \u201cNo representa a la votaci\u00f3n de Comunidad Ciudadana, lamentablemente nos ha dejado sorprendidos, es un hecho condenable\u201d.<\/p>\n","protected":false},"excerpt":{"rendered":"<p>La elecci\u00f3n del Defensor del Pueblo en septiembre de 2022, la aprobaci\u00f3n de la Ley del Oro con respaldo de legisladores \u201ctr\u00e1nsfugas\u201d y la ratificaci\u00f3n del ministro Iv\u00e1n Lima con un voto de Comunidad Ciudadana (CC), y la ausencia de otros, son muestras de que la oposici\u00f3n allan\u00f3 el camino del oficialismo al menos tres [&hellip;]<\/p>\n","protected":false},"author":4,"featured_media":51204,"comment_status":"open","ping_status":"closed","sticky":false,"template":"","format":"standard","meta":{"footnotes":""},"categories":[18,48,46],"tags":[],"class_list":{"0":"post-51203","1":"post","2":"type-post","3":"status-publish","4":"format-standard","5":"has-post-thumbnail","7":"category-politica","8":"category-portada-general-sitio","9":"category-portada-politica"},"_links":{"self":[{"href":"https:\/\/jms.com.bo\/mediamonitor\/wp-json\/wp\/v2\/posts\/51203","targetHints":{"allow":["GET"]}}],"collection":[{"href":"https:\/\/jms.com.bo\/mediamonitor\/wp-json\/wp\/v2\/posts"}],"about":[{"href":"https:\/\/jms.com.bo\/mediamonitor\/wp-json\/wp\/v2\/types\/post"}],"author":[{"embeddable":true,"href":"https:\/\/jms.com.bo\/mediamonitor\/wp-json\/wp\/v2\/users\/4"}],"replies":[{"embeddable":true,"href":"https:\/\/jms.com.bo\/mediamonitor\/wp-json\/wp\/v2\/comments?post=51203"}],"version-history":[{"count":0,"href":"https:\/\/jms.com.bo\/mediamonitor\/wp-json\/wp\/v2\/posts\/51203\/revisions"}],"wp:featuredmedia":[{"embeddable":true,"href":"https:\/\/jms.com.bo\/mediamonitor\/wp-json\/wp\/v2\/media\/51204"}],"wp:attachment":[{"href":"https:\/\/jms.com.bo\/mediamonitor\/wp-json\/wp\/v2\/media?parent=51203"}],"wp:term":[{"taxonomy":"category","embeddable":true,"href":"https:\/\/jms.com.bo\/mediamonitor\/wp-json\/wp\/v2\/categories?post=51203"},{"taxonomy":"post_tag","embeddable":true,"href":"https:\/\/jms.com.bo\/mediamonitor\/wp-json\/wp\/v2\/tags?post=51203"}],"curies":[{"name":"wp","href":"https:\/\/api.w.org\/{rel}","templated":true}]}}