{"id":51578,"date":"2023-06-07T06:27:46","date_gmt":"2023-06-07T10:27:46","guid":{"rendered":"https:\/\/jms.com.bo\/mediamonitor\/2023\/06\/07\/desaparece-el-sabalo-sugieren-veda-de-3-anos-en-el-pilcomayo\/"},"modified":"2023-06-07T06:27:46","modified_gmt":"2023-06-07T10:27:46","slug":"desaparece-el-sabalo-sugieren-veda-de-3-anos-en-el-pilcomayo","status":"publish","type":"post","link":"https:\/\/jms.com.bo\/mediamonitor\/2023\/06\/07\/desaparece-el-sabalo-sugieren-veda-de-3-anos-en-el-pilcomayo\/","title":{"rendered":"Desaparece el s\u00e1balo, sugieren veda de 3 a\u00f1os en el Pilcomayo"},"content":{"rendered":"<p style=\"text-align: justify;\">La fauna pisc\u00edcola del r\u00edo Pilcomayo est\u00e1 en riesgo. Suman las voces que piden prohibir la pesca comercial por un periodo de tres a\u00f1os. Semanas atr\u00e1s, era la Gobernaci\u00f3n de Tarija la que advert\u00eda de la cr\u00edtica situaci\u00f3n por la que atraviesa este afluente, ahora se suma la red Alerta Pilcomayo, que advierte la necesidad de suspender la actividad pesquera en esta cuenca m\u00ednimamente, debido a la baja cantidad. Sin embargo, este escenario avizora un conflicto social para los pueblos ind\u00edgenas Guaran\u00ed, Weenhayek y Tapiete.<\/p>\n<p style=\"text-align: justify;\">Apenas han pasado tres semanas desde que la Gobernaci\u00f3n decidi\u00f3 levantar la veda en el r\u00edo Pilcomayo, pero a la fecha no se registra la presencia de card\u00famenes y los pocos peces que hay no cumplen la talla y peso para su comercializaci\u00f3n.<\/p>\n<p style=\"text-align: justify;\">Alerta Pilcomayo<\/p>\n<p style=\"text-align: justify;\">El responsable de Alerta Pilcomayo, Luis Mar\u00eda de la Cruz, detall\u00f3 que la disminuci\u00f3n de peces es en toda la cuenca, ya que no han identificado card\u00famenes significativos, sino que apenas se evidencian peque\u00f1os grupos locales migratorios que se est\u00e1n pescando, pero que son en peque\u00f1a cantidad.<\/p>\n<p style=\"text-align: justify;\">La Gobernaci\u00f3n de Tarija coincide con Alerta Pilcomayo en la necesidad de prohibir la pesca comercial por al menos tres a\u00f1os<br \/>\n\u201cUna causa fundamental es la sostenida sobrepesca que se viene desarrollando desde hace muchos a\u00f1os en la cuenca salte\u00f1a (Argentina) y boliviana. Es un tema que ya fue planteado much\u00edsimas veces, d\u00e9cadas atr\u00e1s, desde la d\u00e9cada del 2000, pero nunca se abord\u00f3 con seriedad y eso se vio afectado de manera muy intensa por los tres o cuatro a\u00f1os de sequ\u00eda que seguimos teniendo\u201d, se\u00f1al\u00f3.<\/p>\n<p style=\"text-align: justify;\">De la Cruz dijo que los peces que sobrevivieron, son los que quedaron en grandes pozos o lagunas no muy grandes dentro del Ba\u00f1ado La Estrella en territorio argentino, que son los que ahora est\u00e1n migrando por la extensi\u00f3n de la cuenca en una cantidad disminuida.<\/p>\n<p style=\"text-align: justify;\">\u201cNo deber\u00eda estarse pescando de modo comercial, esta es una muestra clara de lo que puede pasar en el futuro. Si Villa Montes quiere seguir viviendo de la pesca y seguir teniendo el s\u00e1balo como s\u00edmbolo, va a tener que suspender las actividades de pesca por lo menos este a\u00f1o y en los pr\u00f3ximos dos a\u00f1os, para que se d\u00e9 espacio a un recupero\u201d, afirm\u00f3.<\/p>\n<p style=\"text-align: justify;\">El titular de Alerta Pilcomayo advirti\u00f3 que si este a\u00f1o se contin\u00faa con la actividad pesquera, el volumen de pesca ser\u00e1 bajo, lo que pondr\u00e1 en evidencia a los pescadores y comerciantes, que esta actividad es insostenible.<\/p>\n<p style=\"text-align: justify;\">El responsable de la Unidad de Biodiversidad y Codefauna de la Gobernaci\u00f3n, Evelio T\u00e9llez, confirm\u00f3 que durante la semana han estado realizando un monitoreo al r\u00edo Pilcomayo y han podido advertir que \u201cdesapareci\u00f3 el s\u00e1balo\u201d de este afluente.<\/p>\n<p style=\"text-align: justify;\">\u201cSi hay algunitos, no cumplen la talla ni peso, son s\u00e1balos muy peque\u00f1os. No hay ni en la parte baja, ni la intermedia, ni la alta, si bien los punteros de la primera olada han logrado pasar El Angosto, esos hay que protegerlos y conservarlos para mantener la especie\u201d, manifest\u00f3.<\/p>\n<p style=\"text-align: justify;\">Respecto a la advertencia que lanza ahora Alerta Pilcomayo, T\u00e9llez se\u00f1al\u00f3 que en semanas pasadas ya hicieron esta recomendaci\u00f3n, de dar una pausa entre tres a cinco a\u00f1os a la actividad pesquera, ya que actualmente la especie hidrobiol\u00f3gica est\u00e1 mandando un mensaje para dictar una veda prolongada.<\/p>\n<p style=\"text-align: justify;\">\u201cPero tambi\u00e9n lo tenemos que socializar con los weenhayeks, guaran\u00edes y tapietes, adem\u00e1s de las personas que se dedican a la pesca, para que respeten la veda, con la finalidad que estos puedan reproducirse durante este tiempo en aguas tranquilas, sin que nadie est\u00e9 lanzando mallas, o que anden con chalanas para arriba y para abajo. Todas estas cosas tenemos que frenar para que el s\u00e1balo se pueda repoblar\u201d, expuso.<\/p>\n<p style=\"text-align: justify;\">Sin embargo, T\u00e9llez reconoci\u00f3 que el hecho de establecer una veda prolongada, representa un problema social grande, ya que actualmente son miles las familias que viven de la pesca en el Pilcomayo.<\/p>\n","protected":false},"excerpt":{"rendered":"<p>La fauna pisc\u00edcola del r\u00edo Pilcomayo est\u00e1 en riesgo. Suman las voces que piden prohibir la pesca comercial por un periodo de tres a\u00f1os. Semanas atr\u00e1s, era la Gobernaci\u00f3n de Tarija la que advert\u00eda de la cr\u00edtica situaci\u00f3n por la que atraviesa este afluente, ahora se suma la red Alerta Pilcomayo, que advierte la necesidad [&hellip;]<\/p>\n","protected":false},"author":4,"featured_media":51579,"comment_status":"open","ping_status":"closed","sticky":false,"template":"","format":"standard","meta":{"footnotes":""},"categories":[52],"tags":[],"class_list":{"0":"post-51578","1":"post","2":"type-post","3":"status-publish","4":"format-standard","5":"has-post-thumbnail","7":"category-alimentos-agroindustria"},"_links":{"self":[{"href":"https:\/\/jms.com.bo\/mediamonitor\/wp-json\/wp\/v2\/posts\/51578","targetHints":{"allow":["GET"]}}],"collection":[{"href":"https:\/\/jms.com.bo\/mediamonitor\/wp-json\/wp\/v2\/posts"}],"about":[{"href":"https:\/\/jms.com.bo\/mediamonitor\/wp-json\/wp\/v2\/types\/post"}],"author":[{"embeddable":true,"href":"https:\/\/jms.com.bo\/mediamonitor\/wp-json\/wp\/v2\/users\/4"}],"replies":[{"embeddable":true,"href":"https:\/\/jms.com.bo\/mediamonitor\/wp-json\/wp\/v2\/comments?post=51578"}],"version-history":[{"count":0,"href":"https:\/\/jms.com.bo\/mediamonitor\/wp-json\/wp\/v2\/posts\/51578\/revisions"}],"wp:featuredmedia":[{"embeddable":true,"href":"https:\/\/jms.com.bo\/mediamonitor\/wp-json\/wp\/v2\/media\/51579"}],"wp:attachment":[{"href":"https:\/\/jms.com.bo\/mediamonitor\/wp-json\/wp\/v2\/media?parent=51578"}],"wp:term":[{"taxonomy":"category","embeddable":true,"href":"https:\/\/jms.com.bo\/mediamonitor\/wp-json\/wp\/v2\/categories?post=51578"},{"taxonomy":"post_tag","embeddable":true,"href":"https:\/\/jms.com.bo\/mediamonitor\/wp-json\/wp\/v2\/tags?post=51578"}],"curies":[{"name":"wp","href":"https:\/\/api.w.org\/{rel}","templated":true}]}}