{"id":52425,"date":"2023-06-20T06:51:53","date_gmt":"2023-06-20T10:51:53","guid":{"rendered":"https:\/\/jms.com.bo\/mediamonitor\/2023\/06\/20\/gobierno-atiende-necesidades-de-pacientes-con-cancer-del-hospital-de-clinicas-con-asignacion-de-13-items\/"},"modified":"2023-06-20T06:51:53","modified_gmt":"2023-06-20T10:51:53","slug":"gobierno-atiende-necesidades-de-pacientes-con-cancer-del-hospital-de-clinicas-con-asignacion-de-13-items","status":"publish","type":"post","link":"https:\/\/jms.com.bo\/mediamonitor\/2023\/06\/20\/gobierno-atiende-necesidades-de-pacientes-con-cancer-del-hospital-de-clinicas-con-asignacion-de-13-items\/","title":{"rendered":"Gobierno atiende necesidades de pacientes con c\u00e1ncer del Hospital de Cl\u00ednicas con asignaci\u00f3n de 13 \u00edtems"},"content":{"rendered":"<p style=\"text-align: justify;\">El Gobierno nacional entreg\u00f3 este lunes 13 \u00edtems de m\u00e9dicos al \u00e1rea de oncolog\u00eda al Hospital de Cl\u00ednicas de la ciudad de La Paz para fortalecer el sistema de salud y brindar una atenci\u00f3n de calidad a los pacientes con c\u00e1ncer.<\/p>\n<p style=\"text-align: justify;\">La asignaci\u00f3n de los \u00edtems es una respuesta inmediata a las necesidades de los pacientes con c\u00e1ncer que se da por instrucci\u00f3n del presidente Luis Arce para fortalecer la lucha contra esta enfermedad, inform\u00f3 la ministra de Salud, Mar\u00eda Ren\u00e9e Castro, en conferencia de prensa.<\/p>\n<p style=\"text-align: justify;\">\u201cHoy quiero saludar la incorporaci\u00f3n de este contingente m\u00e9dico que ir\u00e1 al fortalecimiento del servicio de oncolog\u00eda cl\u00ednica, vamos a tener profesionales onc\u00f3logos cl\u00ednicos, paliativistas y tambi\u00e9n una psicolog\u00eda, quien ven\u00eda trabajando como voluntaria en el \u00e1rea oncol\u00f3gica\u201d, dijo la autoridad.<\/p>\n<p style=\"text-align: justify;\">Asimismo, se incorpor\u00f3 un m\u00e9dico para el servicio de oncolog\u00eda quir\u00fargica, enfermeras, y el servicio de radioterapia es fortalecido con dos m\u00e9dicos, un especialista en radioncolog\u00eda y un m\u00e9dico para radioterapia, seg\u00fan un reporte institucional.<\/p>\n<p style=\"text-align: justify;\">\u201cTambi\u00e9n vamos a fortalecer el servicio de emergencia. El director del hospital no hizo conocer esa falencia y en ese sentido, tambi\u00e9n incorporamos a dos especialistas en emergenciolog\u00eda, el servicio de Terapia Intensiva tambi\u00e9n es fortalecido con la incorporaci\u00f3n de un especialista en medicina cr\u00edtica y el servicio de imagenolog\u00eda tambi\u00e9n est\u00e1 siendo fortalecido\u201d, detall\u00f3 Castro.<\/p>\n<p style=\"text-align: justify;\">A\u00f1adi\u00f3 que para consolidar la sala situacional se transfiere un m\u00e9dico Safci-Mi Salud, con lo que dijo, espera que mejore la atenci\u00f3n en el Hospital de Cl\u00ednicas e inst\u00f3 a las autoridades del Sedes que optimicen el servicio para una mejor atenci\u00f3n, principalmente en el \u00e1rea oncol\u00f3gica.<\/p>\n<p style=\"text-align: justify;\">La presidenta de la Asociaci\u00f3n de Pacientes y Familiares con C\u00e1ncer, Rosario Calle, asever\u00f3 que la asignaci\u00f3n de los profesionales al Hospital de Cl\u00ednicas fue \u201cun anhelo largamente deseado\u201d y que gracias a las acciones del Ministerio de Salud se hace realidad.<\/p>\n<p style=\"text-align: justify;\">\u201cHoy le pedimos al director del Hospital y tambi\u00e9n al director del Sedes para luchar, para que esto nunca m\u00e1s vuelva a suceder, ya no puede haber listas de espera para ingresar a tratamiento de radioterapia, para las quimioterapias ambulatorias o con internaci\u00f3n, ya no m\u00e1s espera\u201d, remarc\u00f3.<\/p>\n","protected":false},"excerpt":{"rendered":"<p>El Gobierno nacional entreg\u00f3 este lunes 13 \u00edtems de m\u00e9dicos al \u00e1rea de oncolog\u00eda al Hospital de Cl\u00ednicas de la ciudad de La Paz para fortalecer el sistema de salud y brindar una atenci\u00f3n de calidad a los pacientes con c\u00e1ncer. La asignaci\u00f3n de los \u00edtems es una respuesta inmediata a las necesidades de los [&hellip;]<\/p>\n","protected":false},"author":4,"featured_media":52426,"comment_status":"open","ping_status":"closed","sticky":false,"template":"","format":"standard","meta":{"footnotes":""},"categories":[53],"tags":[],"class_list":{"0":"post-52425","1":"post","2":"type-post","3":"status-publish","4":"format-standard","5":"has-post-thumbnail","7":"category-salud"},"_links":{"self":[{"href":"https:\/\/jms.com.bo\/mediamonitor\/wp-json\/wp\/v2\/posts\/52425","targetHints":{"allow":["GET"]}}],"collection":[{"href":"https:\/\/jms.com.bo\/mediamonitor\/wp-json\/wp\/v2\/posts"}],"about":[{"href":"https:\/\/jms.com.bo\/mediamonitor\/wp-json\/wp\/v2\/types\/post"}],"author":[{"embeddable":true,"href":"https:\/\/jms.com.bo\/mediamonitor\/wp-json\/wp\/v2\/users\/4"}],"replies":[{"embeddable":true,"href":"https:\/\/jms.com.bo\/mediamonitor\/wp-json\/wp\/v2\/comments?post=52425"}],"version-history":[{"count":0,"href":"https:\/\/jms.com.bo\/mediamonitor\/wp-json\/wp\/v2\/posts\/52425\/revisions"}],"wp:featuredmedia":[{"embeddable":true,"href":"https:\/\/jms.com.bo\/mediamonitor\/wp-json\/wp\/v2\/media\/52426"}],"wp:attachment":[{"href":"https:\/\/jms.com.bo\/mediamonitor\/wp-json\/wp\/v2\/media?parent=52425"}],"wp:term":[{"taxonomy":"category","embeddable":true,"href":"https:\/\/jms.com.bo\/mediamonitor\/wp-json\/wp\/v2\/categories?post=52425"},{"taxonomy":"post_tag","embeddable":true,"href":"https:\/\/jms.com.bo\/mediamonitor\/wp-json\/wp\/v2\/tags?post=52425"}],"curies":[{"name":"wp","href":"https:\/\/api.w.org\/{rel}","templated":true}]}}