{"id":52429,"date":"2023-06-20T06:54:29","date_gmt":"2023-06-20T10:54:29","guid":{"rendered":"https:\/\/jms.com.bo\/mediamonitor\/2023\/06\/20\/legalizar-la-marihuana-en-bolivia-cc-plantea-su-uso-medicinal\/"},"modified":"2023-06-20T06:54:29","modified_gmt":"2023-06-20T10:54:29","slug":"legalizar-la-marihuana-en-bolivia-cc-plantea-su-uso-medicinal","status":"publish","type":"post","link":"https:\/\/jms.com.bo\/mediamonitor\/2023\/06\/20\/legalizar-la-marihuana-en-bolivia-cc-plantea-su-uso-medicinal\/","title":{"rendered":"\u00bfLegalizar la marihuana en Bolivia? CC plantea su uso medicinal"},"content":{"rendered":"<p style=\"text-align: justify;\">El principal partido de la oposici\u00f3n en Bolivia, la Comunidad Ciudadana de Carlos Mesa y Rodrigo Paz, ha planteado la legalizaci\u00f3n de a marihuana en Bolivia para su uso medicinal.<\/p>\n<p style=\"text-align: justify;\">La semana pasada la joven Andrea Barrientos habl\u00f3 de una iniciativa legislativa y el jefe del partido, el propio Carlos Mesa, lo ratific\u00f3 en entrevista con El Pa\u00eds se\u00f1alado que el uso medicinal ya es algo com\u00fan en muchos pa\u00edses de Europa, Estados de Estados Unidos e incluso en Sudam\u00e9rica, como en el caso de Uruguay o de Jujuy, pero advirti\u00f3 que no se plantea el uso recreacional, sino el estrictamente sanitario.<\/p>\n<p>&nbsp;<\/p>\n","protected":false},"excerpt":{"rendered":"<p>El principal partido de la oposici\u00f3n en Bolivia, la Comunidad Ciudadana de Carlos Mesa y Rodrigo Paz, ha planteado la legalizaci\u00f3n de a marihuana en Bolivia para su uso medicinal. La semana pasada la joven Andrea Barrientos habl\u00f3 de una iniciativa legislativa y el jefe del partido, el propio Carlos Mesa, lo ratific\u00f3 en entrevista [&hellip;]<\/p>\n","protected":false},"author":4,"featured_media":52430,"comment_status":"open","ping_status":"closed","sticky":false,"template":"","format":"standard","meta":{"footnotes":""},"categories":[53],"tags":[],"class_list":{"0":"post-52429","1":"post","2":"type-post","3":"status-publish","4":"format-standard","5":"has-post-thumbnail","7":"category-salud"},"_links":{"self":[{"href":"https:\/\/jms.com.bo\/mediamonitor\/wp-json\/wp\/v2\/posts\/52429","targetHints":{"allow":["GET"]}}],"collection":[{"href":"https:\/\/jms.com.bo\/mediamonitor\/wp-json\/wp\/v2\/posts"}],"about":[{"href":"https:\/\/jms.com.bo\/mediamonitor\/wp-json\/wp\/v2\/types\/post"}],"author":[{"embeddable":true,"href":"https:\/\/jms.com.bo\/mediamonitor\/wp-json\/wp\/v2\/users\/4"}],"replies":[{"embeddable":true,"href":"https:\/\/jms.com.bo\/mediamonitor\/wp-json\/wp\/v2\/comments?post=52429"}],"version-history":[{"count":0,"href":"https:\/\/jms.com.bo\/mediamonitor\/wp-json\/wp\/v2\/posts\/52429\/revisions"}],"wp:featuredmedia":[{"embeddable":true,"href":"https:\/\/jms.com.bo\/mediamonitor\/wp-json\/wp\/v2\/media\/52430"}],"wp:attachment":[{"href":"https:\/\/jms.com.bo\/mediamonitor\/wp-json\/wp\/v2\/media?parent=52429"}],"wp:term":[{"taxonomy":"category","embeddable":true,"href":"https:\/\/jms.com.bo\/mediamonitor\/wp-json\/wp\/v2\/categories?post=52429"},{"taxonomy":"post_tag","embeddable":true,"href":"https:\/\/jms.com.bo\/mediamonitor\/wp-json\/wp\/v2\/tags?post=52429"}],"curies":[{"name":"wp","href":"https:\/\/api.w.org\/{rel}","templated":true}]}}