{"id":52431,"date":"2023-06-20T06:58:26","date_gmt":"2023-06-20T10:58:26","guid":{"rendered":"https:\/\/jms.com.bo\/mediamonitor\/2023\/06\/20\/estudiantes-y-padres-de-familia-aprenderan-a-implementar-huertos\/"},"modified":"2023-06-20T06:58:26","modified_gmt":"2023-06-20T10:58:26","slug":"estudiantes-y-padres-de-familia-aprenderan-a-implementar-huertos","status":"publish","type":"post","link":"https:\/\/jms.com.bo\/mediamonitor\/2023\/06\/20\/estudiantes-y-padres-de-familia-aprenderan-a-implementar-huertos\/","title":{"rendered":"Estudiantes y padres de familia aprender\u00e1n a implementar huertos"},"content":{"rendered":"<p style=\"text-align: justify;\">La Alcald\u00eda de El Alto iniciar\u00e1 la capacitaci\u00f3n a padres de familia y estudiantes de unidades educativas de diferentes sectores de la urbe alte\u00f1a para cultivar en sus huertos escolares, adem\u00e1s garantiza apoyo t\u00e9cnico y dotaci\u00f3n de al menos siete variedades de productos entre semillas y semientes con el fin de fomentar el Plan de Seguridad y Soberan\u00eda Alimentaria.<\/p>\n<p style=\"text-align: justify;\">\u00abQueremos hacer capacitaciones, en coordinaci\u00f3n con las unidades educativas, para fortalecer el proyecto socioproductivo; por lo cual, vamos a entregar manuales, un pack de semillas de siete variedades y adem\u00e1s asistencia t\u00e9cnica, que vamos a arrancar en el mes de julio\u00bb, inform\u00f3 el director de la Unidad de Agropecuaria y Seguridad Alimentaria de la comuna alte\u00f1a, Marco Calle.<\/p>\n<p style=\"text-align: justify;\">Entre los objetivos de este plan est\u00e1 coadyuvar a los proyectos socioproductivos de las unidades educativas. Inicialmente, proveer\u00e1n semillas de espinaca, r\u00e1banos, perejil y tomate; adem\u00e1s de las simientes de acelga, lechuga y apio.<\/p>\n<p style=\"text-align: justify;\">\u00abEs muy importante el tema nutricional, lo alimentario y hemos visto que las unidades educativas tienen sus proyectos socioproductivos, pero muchas veces falta asistencia t\u00e9cnica y por eso nosotros vamos a sumarnos con un plan t\u00e9cnico, para hacer el apoyo. Queremos entregar esas semillitas para contribuir para sus viveros\u00bb, agreg\u00f3.<\/p>\n<p style=\"text-align: justify;\">Explic\u00f3 que el plan se elabora con base en cuatro m\u00f3dulos: el primero es la germinaci\u00f3n de semillas; el segundo, el manejo integral de plagas, a trav\u00e9s del uso de pesticidas naturales; el tercero, la fertilizaci\u00f3n, que es el aporte de nutrientes al cultivo; y como cuarto, las labores culturales, que consisten en seguir el ciclo de cultivo.<\/p>\n<p style=\"text-align: justify;\">Calle destac\u00f3 que esta iniciativa llegar\u00e1 a varias familias y a todas las personas interesadas. Adem\u00e1s, que a la repartici\u00f3n municipal llevaron solicitudes de adultos mayores, a los cuales se dar\u00e1 la atenci\u00f3n.<\/p>\n<p style=\"text-align: justify;\">\u00abHay muchas familias que en sus casas empiezan a hacer la agricultura periurbana y tambi\u00e9n estamos tratando de apoyar (\u2026). Es algo que va a ayudar bastante para el tema de la seguridad alimentaria\u00bb, manifest\u00f3.<\/p>\n","protected":false},"excerpt":{"rendered":"<p>La Alcald\u00eda de El Alto iniciar\u00e1 la capacitaci\u00f3n a padres de familia y estudiantes de unidades educativas de diferentes sectores de la urbe alte\u00f1a para cultivar en sus huertos escolares, adem\u00e1s garantiza apoyo t\u00e9cnico y dotaci\u00f3n de al menos siete variedades de productos entre semillas y semientes con el fin de fomentar el Plan de [&hellip;]<\/p>\n","protected":false},"author":4,"featured_media":52432,"comment_status":"open","ping_status":"closed","sticky":false,"template":"","format":"standard","meta":{"footnotes":""},"categories":[52],"tags":[],"class_list":{"0":"post-52431","1":"post","2":"type-post","3":"status-publish","4":"format-standard","5":"has-post-thumbnail","7":"category-alimentos-agroindustria"},"_links":{"self":[{"href":"https:\/\/jms.com.bo\/mediamonitor\/wp-json\/wp\/v2\/posts\/52431","targetHints":{"allow":["GET"]}}],"collection":[{"href":"https:\/\/jms.com.bo\/mediamonitor\/wp-json\/wp\/v2\/posts"}],"about":[{"href":"https:\/\/jms.com.bo\/mediamonitor\/wp-json\/wp\/v2\/types\/post"}],"author":[{"embeddable":true,"href":"https:\/\/jms.com.bo\/mediamonitor\/wp-json\/wp\/v2\/users\/4"}],"replies":[{"embeddable":true,"href":"https:\/\/jms.com.bo\/mediamonitor\/wp-json\/wp\/v2\/comments?post=52431"}],"version-history":[{"count":0,"href":"https:\/\/jms.com.bo\/mediamonitor\/wp-json\/wp\/v2\/posts\/52431\/revisions"}],"wp:featuredmedia":[{"embeddable":true,"href":"https:\/\/jms.com.bo\/mediamonitor\/wp-json\/wp\/v2\/media\/52432"}],"wp:attachment":[{"href":"https:\/\/jms.com.bo\/mediamonitor\/wp-json\/wp\/v2\/media?parent=52431"}],"wp:term":[{"taxonomy":"category","embeddable":true,"href":"https:\/\/jms.com.bo\/mediamonitor\/wp-json\/wp\/v2\/categories?post=52431"},{"taxonomy":"post_tag","embeddable":true,"href":"https:\/\/jms.com.bo\/mediamonitor\/wp-json\/wp\/v2\/tags?post=52431"}],"curies":[{"name":"wp","href":"https:\/\/api.w.org\/{rel}","templated":true}]}}