{"id":52631,"date":"2023-06-22T06:52:31","date_gmt":"2023-06-22T10:52:31","guid":{"rendered":"https:\/\/jms.com.bo\/mediamonitor\/2023\/06\/22\/instituciones-y-sectores-sociales-definen-el-futuro-del-pilcomayo\/"},"modified":"2023-06-22T06:52:31","modified_gmt":"2023-06-22T10:52:31","slug":"instituciones-y-sectores-sociales-definen-el-futuro-del-pilcomayo","status":"publish","type":"post","link":"https:\/\/jms.com.bo\/mediamonitor\/2023\/06\/22\/instituciones-y-sectores-sociales-definen-el-futuro-del-pilcomayo\/","title":{"rendered":"Instituciones y sectores sociales definen el futuro del Pilcomayo"},"content":{"rendered":"<p style=\"text-align: justify;\">Son alrededor de 15 invitaciones cursadas por la Organizaci\u00f3n de Capitan\u00edas Weenhayek de Tarija (Orcaweta), a instituciones y organizaciones sociales para que este jueves se hagan presente en el municipio de Villa Montes, ocasi\u00f3n en la que se prev\u00e9 analizar la problem\u00e1tica del r\u00edo Pilcomayo y definir las acciones que se asumir\u00e1n en favor de este afluente. Pues hasta el martes pasado, solo hab\u00edan confirmado su participaci\u00f3n autoridades regionales y de la Gobernaci\u00f3n<\/p>\n<p style=\"text-align: justify;\">Seg\u00fan el registro que lleva Orcaweta, las invitaciones han sido cursadas a instituciones como la Gobernaci\u00f3n de Tarija, Oficina T\u00e9cnica Nacional de los r\u00edos Pilcomayo y Bermejo (OTN-PB), Comisi\u00f3n Trinacional del r\u00edo Pilcomayo, Intendente de Santa Victoria (Argentina), Asamblea Regional del Chaco, Concejo Municipal de Villa Montes, Alcald\u00eda de Villa Montes, Gobierno Regional de Villa Montes y Asamblea Legislativa Departamental de Tarija.<\/p>\n<p style=\"text-align: justify;\">Veda Expertos han propuesto una veda por 3 a\u00f1os a la pesca comercial en el r\u00edo Pilcomayo por la falta de s\u00e1balos<\/p>\n<p style=\"text-align: justify;\">El capit\u00e1n grande del pueblo Weenhayek, Francisco P\u00e9rez, reconoci\u00f3 que han tenido dificultades para poder hacer llegar las invitaciones a autoridades del Gobierno Nacional y el pueblo ind\u00edgena Wichi del norte argentino, sin embargo, enfatiz\u00f3 que se han hecho las gestiones para que estas puedan estar presentes en la reuni\u00f3n de este jueves.<\/p>\n<p style=\"text-align: justify;\">\u201cVeremos que autoridades van a estar y quienes no, ojal\u00e1 ellos asuman su responsabilidad y asistan, porque aqu\u00ed quien va tomar la decisi\u00f3n es el pueblo, porque hay capitanes que est\u00e1n viniendo desde comunidades muy lejanas para estar en la reuni\u00f3n\u201d, afirm\u00f3.<\/p>\n<p style=\"text-align: justify;\">P\u00e9rez se\u00f1al\u00f3 que para las familias ind\u00edgenas de Tarija, el abrir un debate en torno a lo que sucede con el r\u00edo Pilcomayo es un tema delicado por su implicancia que tiene para el pueblo Weenhayek, Guaran\u00ed y Tapiete. Adem\u00e1s de su afectaci\u00f3n a toda la cadena comercial que se genera a partir de la pesca, tanto al sector transporte, comerciantes, turismo, entre otros. M\u00e1s a\u00fan cuando se habla de prohibir la pesca comercial por un periodo de 3 a\u00f1os.<\/p>\n<p style=\"text-align: justify;\">\u201cEste es un tema que nos preocupa a nosotros, talvez a las autoridades no les interesa, pero para nosotros este r\u00edo es la fuente de alimento y subsistencia de muchas familias ind\u00edgenas\u201d, se\u00f1al\u00f3.<\/p>\n<p style=\"text-align: justify;\">Gobernaci\u00f3n confirma asistencia<\/p>\n<p style=\"text-align: justify;\">El gobernador de Tarija, Oscar Montes, al ser consultado si asistir\u00e1 a la reuni\u00f3n convocada por Orcaweta, argument\u00f3 que se ha instruido a Codefauna dependiente de la Gobernaci\u00f3n, para que estos puedan estar presentes en este encuentro.<\/p>\n<p style=\"text-align: justify;\">Montes reconoci\u00f3 que la afectaci\u00f3n econ\u00f3mica por la falta de s\u00e1balo es \u201cdura\u201d para el pueblo Weenhayek y el pueblo de Villa Montes, que son quienes le sacan mayor r\u00e9dito a la pesca comercial en el r\u00edo Pilcomayo.<\/p>\n<p style=\"text-align: justify;\">\u201cGran parte de su econom\u00eda en esta \u00e9poca gira en torno al s\u00e1balo, no solo por la venta que se hace, sino por la cantidad de gente que llega hasta Villa Montes para saborear un s\u00e1balo\u201d, expuso.<\/p>\n<p style=\"text-align: justify;\">El Gobernador mencion\u00f3 que tambi\u00e9n se est\u00e1 convocando a bi\u00f3logos expertos, para que estos puedan analizar la situaci\u00f3n del r\u00edo Pilcomayo, que est\u00e1 siguiendo los pasos de lo sucedido en estos \u00faltimos a\u00f1os con el r\u00edo Paran\u00e1 en territorio argentino.<\/p>\n<p style=\"text-align: justify;\">\u201cEl r\u00edo Pilcomayo en estos momentos est\u00e1 con muy poca agua con respecto a los a\u00f1os anteriores en las mismas fechas, por lo tanto, ese puede ser uno de los motivos, pero est\u00e1 claro que debemos dejar en manos de los expertos y que ellos nos digan exactamente qu\u00e9 es lo que hay que hacer para que el s\u00e1balo repoble el Pilcomayo\u201d, afirm\u00f3.<\/p>\n<p style=\"text-align: justify;\">El dato<\/p>\n<p style=\"text-align: justify;\">El apunte<\/p>\n<p style=\"text-align: justify;\">La falta de s\u00e1balo amenaza con la migraci\u00f3n ind\u00edgena<\/p>\n<p style=\"text-align: justify;\">La crisis por la que atraviesa el r\u00edo Pilcomayo, tanto por la contaminaci\u00f3n minera, la falta de s\u00e1balos y el riesgo de la dem\u00e1s fauna ict\u00edcola, sumado los efectos del cambio clim\u00e1tico, amenaza con la migraci\u00f3n de las familias ind\u00edgenas, as\u00ed lo deja entrever el capit\u00e1n grande del pueblo Weenhayek, Francisco P\u00e9rez.<\/p>\n<p style=\"text-align: justify;\">El gobernador, Oscar Montes, se\u00f1al\u00f3 que la Gobernaci\u00f3n asigna un presupuesto para los pueblos ind\u00edgenas, pero que nada tiene que ver con la pesca, sino que son 1,5 millones de bolivianos por cada pueblo para ayudar en proyectos productivos, salud y educaci\u00f3n.<\/p>\n","protected":false},"excerpt":{"rendered":"<p>Son alrededor de 15 invitaciones cursadas por la Organizaci\u00f3n de Capitan\u00edas Weenhayek de Tarija (Orcaweta), a instituciones y organizaciones sociales para que este jueves se hagan presente en el municipio de Villa Montes, ocasi\u00f3n en la que se prev\u00e9 analizar la problem\u00e1tica del r\u00edo Pilcomayo y definir las acciones que se asumir\u00e1n en favor de [&hellip;]<\/p>\n","protected":false},"author":4,"featured_media":52632,"comment_status":"open","ping_status":"closed","sticky":false,"template":"","format":"standard","meta":{"footnotes":""},"categories":[49],"tags":[],"class_list":{"0":"post-52631","1":"post","2":"type-post","3":"status-publish","4":"format-standard","5":"has-post-thumbnail","7":"category-social"},"_links":{"self":[{"href":"https:\/\/jms.com.bo\/mediamonitor\/wp-json\/wp\/v2\/posts\/52631","targetHints":{"allow":["GET"]}}],"collection":[{"href":"https:\/\/jms.com.bo\/mediamonitor\/wp-json\/wp\/v2\/posts"}],"about":[{"href":"https:\/\/jms.com.bo\/mediamonitor\/wp-json\/wp\/v2\/types\/post"}],"author":[{"embeddable":true,"href":"https:\/\/jms.com.bo\/mediamonitor\/wp-json\/wp\/v2\/users\/4"}],"replies":[{"embeddable":true,"href":"https:\/\/jms.com.bo\/mediamonitor\/wp-json\/wp\/v2\/comments?post=52631"}],"version-history":[{"count":0,"href":"https:\/\/jms.com.bo\/mediamonitor\/wp-json\/wp\/v2\/posts\/52631\/revisions"}],"wp:featuredmedia":[{"embeddable":true,"href":"https:\/\/jms.com.bo\/mediamonitor\/wp-json\/wp\/v2\/media\/52632"}],"wp:attachment":[{"href":"https:\/\/jms.com.bo\/mediamonitor\/wp-json\/wp\/v2\/media?parent=52631"}],"wp:term":[{"taxonomy":"category","embeddable":true,"href":"https:\/\/jms.com.bo\/mediamonitor\/wp-json\/wp\/v2\/categories?post=52631"},{"taxonomy":"post_tag","embeddable":true,"href":"https:\/\/jms.com.bo\/mediamonitor\/wp-json\/wp\/v2\/tags?post=52631"}],"curies":[{"name":"wp","href":"https:\/\/api.w.org\/{rel}","templated":true}]}}