{"id":52633,"date":"2023-06-22T06:54:19","date_gmt":"2023-06-22T10:54:19","guid":{"rendered":"https:\/\/jms.com.bo\/mediamonitor\/2023\/06\/22\/encuentran-restos-de-avioneta-con-bandera-boliviana-calcinada-en-mato-grosso\/"},"modified":"2023-06-22T06:54:19","modified_gmt":"2023-06-22T10:54:19","slug":"encuentran-restos-de-avioneta-con-bandera-boliviana-calcinada-en-mato-grosso","status":"publish","type":"post","link":"https:\/\/jms.com.bo\/mediamonitor\/2023\/06\/22\/encuentran-restos-de-avioneta-con-bandera-boliviana-calcinada-en-mato-grosso\/","title":{"rendered":"Encuentran restos de avioneta con bandera boliviana calcinada en Mato Grosso"},"content":{"rendered":"<p style=\"text-align: justify;\">El pasado 20 de junio, el Grupo Especial de Fontera (GEFron) del Estado de Mato Grosso (Brasil) recibi\u00f3 un informe an\u00f3nimo, en el que detallaba un accidente con una aeronave boliviana en Serra da Borda, municipio de Vila Bela da Sant\u00edssima Trindade.<\/p>\n<p style=\"text-align: justify;\">El informe an\u00f3nimo se\u00f1alaba que exist\u00eda un presunto (narco) tr\u00e1fico. Sin embargo, durante el operativo no se secuestr\u00f3 ninguna sustancia controlada.<\/p>\n<p style=\"text-align: justify;\">Un equipo conformado por efectivos de GEFron, el Centro Integrado de Operaciones A\u00e9reas (Ciopaer), Polic\u00eda Federal, Polic\u00eda Militar de las ciudades de Pontes y Lacerda y Vila Bela de SS. La Trinidad se trasladaron hasta el lugar, se\u00f1ala un bolet\u00edn de GEFron.<\/p>\n<p style=\"text-align: justify;\">\u201cDebido a que era un lugar de dif\u00edcil acceso, ya que se trataba de una zona forestal monta\u00f1osa y cerrada, solo fue posible llegar al lugar con el apoyo del helic\u00f3ptero Ciopaer, encontrando en el lugar los escombros de un tipo Cessna 208 avi\u00f3n (con bandera boliviana en la calda) totalmente destruido por el fuego y el cuerpo del piloto totalmente carbonizado, y entre los escombros tambi\u00e9n se encontr\u00f3 un arma antia\u00e9rea calibre 50, tambi\u00e9n da\u00f1ada por el fuego\u201d, describe el informe.<\/p>\n<p style=\"text-align: justify;\">\u200bEntre el material incautado menciona un avi\u00f3n Cesna 208 valuado en 6 millones de reales y un rifle calibre 50, valorado en 150 mil reales, con lo que afirma que el \u201cda\u00f1o a la delincuencia\u201d es de 6.150.000 reales.<\/p>\n<p style=\"text-align: justify;\">\n","protected":false},"excerpt":{"rendered":"<p>El pasado 20 de junio, el Grupo Especial de Fontera (GEFron) del Estado de Mato Grosso (Brasil) recibi\u00f3 un informe an\u00f3nimo, en el que detallaba un accidente con una aeronave boliviana en Serra da Borda, municipio de Vila Bela da Sant\u00edssima Trindade. El informe an\u00f3nimo se\u00f1alaba que exist\u00eda un presunto (narco) tr\u00e1fico. Sin embargo, durante [&hellip;]<\/p>\n","protected":false},"author":4,"featured_media":52634,"comment_status":"open","ping_status":"closed","sticky":false,"template":"","format":"standard","meta":{"footnotes":""},"categories":[20],"tags":[],"class_list":{"0":"post-52633","1":"post","2":"type-post","3":"status-publish","4":"format-standard","5":"has-post-thumbnail","7":"category-actualidad"},"_links":{"self":[{"href":"https:\/\/jms.com.bo\/mediamonitor\/wp-json\/wp\/v2\/posts\/52633","targetHints":{"allow":["GET"]}}],"collection":[{"href":"https:\/\/jms.com.bo\/mediamonitor\/wp-json\/wp\/v2\/posts"}],"about":[{"href":"https:\/\/jms.com.bo\/mediamonitor\/wp-json\/wp\/v2\/types\/post"}],"author":[{"embeddable":true,"href":"https:\/\/jms.com.bo\/mediamonitor\/wp-json\/wp\/v2\/users\/4"}],"replies":[{"embeddable":true,"href":"https:\/\/jms.com.bo\/mediamonitor\/wp-json\/wp\/v2\/comments?post=52633"}],"version-history":[{"count":0,"href":"https:\/\/jms.com.bo\/mediamonitor\/wp-json\/wp\/v2\/posts\/52633\/revisions"}],"wp:featuredmedia":[{"embeddable":true,"href":"https:\/\/jms.com.bo\/mediamonitor\/wp-json\/wp\/v2\/media\/52634"}],"wp:attachment":[{"href":"https:\/\/jms.com.bo\/mediamonitor\/wp-json\/wp\/v2\/media?parent=52633"}],"wp:term":[{"taxonomy":"category","embeddable":true,"href":"https:\/\/jms.com.bo\/mediamonitor\/wp-json\/wp\/v2\/categories?post=52633"},{"taxonomy":"post_tag","embeddable":true,"href":"https:\/\/jms.com.bo\/mediamonitor\/wp-json\/wp\/v2\/tags?post=52633"}],"curies":[{"name":"wp","href":"https:\/\/api.w.org\/{rel}","templated":true}]}}