{"id":52641,"date":"2023-06-22T07:02:09","date_gmt":"2023-06-22T11:02:09","guid":{"rendered":"https:\/\/jms.com.bo\/mediamonitor\/2023\/06\/22\/foro-civico-gobernacion-prioriza-el-camino-hacia-el-federalismo-para-cambiar-la-relacion-con-el-estado\/"},"modified":"2023-06-22T07:02:09","modified_gmt":"2023-06-22T11:02:09","slug":"foro-civico-gobernacion-prioriza-el-camino-hacia-el-federalismo-para-cambiar-la-relacion-con-el-estado","status":"publish","type":"post","link":"https:\/\/jms.com.bo\/mediamonitor\/2023\/06\/22\/foro-civico-gobernacion-prioriza-el-camino-hacia-el-federalismo-para-cambiar-la-relacion-con-el-estado\/","title":{"rendered":"Foro c\u00edvico: Gobernaci\u00f3n prioriza el camino hacia el federalismo para cambiar la relaci\u00f3n con el Estado"},"content":{"rendered":"<p style=\"text-align: justify;\">La Gobernaci\u00f3n cruce\u00f1a insta a profundizar el camino del federalismo como nuevo marco de relaci\u00f3n entre la regi\u00f3n y el Estado. La cuarta jornada del foro impulsado por el Comit\u00e9 pro Santa Cruz dio espacio a autoridades del ejecutivo y legislativo departamental para plantear su propuestas.<\/p>\n<p style=\"text-align: justify;\">El asesor de Gesti\u00f3n de la Gobernaci\u00f3n, Efra\u00edn Su\u00e1rez, ley\u00f3 una carta del gobernador Luis Fernando Camacho. Desde el penal de Chonchocoro, donde se encuentra cumpliendo prisi\u00f3n preventiva, el expresidente c\u00edvico propuso un avance hacia el federalismo. Tambi\u00e9n se refiri\u00f3 al modelo productivo autogestionario de Santa Cruz y demand\u00f3 su fortalecimiento.<\/p>\n<p style=\"text-align: justify;\">En la misiva de Camacho se pide evitar la desuni\u00f3n y acumular fuerzas pol\u00edticas de cara al pr\u00f3ximo proceso electoral. Adem\u00e1s, recalca la necesidad de impulsar el censo en 2024 y aprobar y aplicar el pacto fiscal.<\/p>\n<p style=\"text-align: justify;\">Desde la misma Gobernaci\u00f3n se reconoce que la implementaci\u00f3n de la propuesta es compleja y de largo plazo.<\/p>\n<p style=\"text-align: justify;\">Su\u00e1rez detalla el camino a seguir para concretar esta nueva relaci\u00f3n con el Estado. Parte de esa ruta pasa por la liberaci\u00f3n del poder judicial del control pol\u00edtico y restablecer el estado de derecho.<\/p>\n<p style=\"text-align: justify;\">La asamble\u00edsta Paola Aguirre llev\u00f3 la voz del legislativo departamental. Durante su intervenci\u00f3n respondi\u00f3 a las cr\u00edticas formuladas en anteriores foros y que cuestionaban la incompleta aplicaci\u00f3n de las competencias recogidas en el Estatuto Auton\u00f3mico.<\/p>\n<p style=\"text-align: justify;\">Para Aguirre, la autonom\u00eda es una \u00abficci\u00f3n jur\u00eddica\u00bb cercenada por las leyes sectoriales aprobadas por parte del Estado central que limitan el desempe\u00f1o de las facultades disponibles a nivel departamental. En paralelo, se ha criminalizado el ejercicio de competencias departamentales y se persigue judicialmente a las autoridades que ejecutan decisiones aut\u00f3nomas.<\/p>\n<p style=\"text-align: justify;\">Al mismo tiempo que se realizan los foros de debate, los c\u00edvicos han dispuesto un espacio abierto para recibir propuestas ciudadanas mediante la plataforma virtual de la instituci\u00f3n. Anunci\u00f3 que los eventos p\u00fablicos de este proceso continuar\u00e1n en las siguientes semanas en las provincias del departamento.<\/p>\n","protected":false},"excerpt":{"rendered":"<p>La Gobernaci\u00f3n cruce\u00f1a insta a profundizar el camino del federalismo como nuevo marco de relaci\u00f3n entre la regi\u00f3n y el Estado. La cuarta jornada del foro impulsado por el Comit\u00e9 pro Santa Cruz dio espacio a autoridades del ejecutivo y legislativo departamental para plantear su propuestas. El asesor de Gesti\u00f3n de la Gobernaci\u00f3n, Efra\u00edn Su\u00e1rez, [&hellip;]<\/p>\n","protected":false},"author":4,"featured_media":52642,"comment_status":"open","ping_status":"closed","sticky":false,"template":"","format":"standard","meta":{"footnotes":""},"categories":[18],"tags":[],"class_list":{"0":"post-52641","1":"post","2":"type-post","3":"status-publish","4":"format-standard","5":"has-post-thumbnail","7":"category-politica"},"_links":{"self":[{"href":"https:\/\/jms.com.bo\/mediamonitor\/wp-json\/wp\/v2\/posts\/52641","targetHints":{"allow":["GET"]}}],"collection":[{"href":"https:\/\/jms.com.bo\/mediamonitor\/wp-json\/wp\/v2\/posts"}],"about":[{"href":"https:\/\/jms.com.bo\/mediamonitor\/wp-json\/wp\/v2\/types\/post"}],"author":[{"embeddable":true,"href":"https:\/\/jms.com.bo\/mediamonitor\/wp-json\/wp\/v2\/users\/4"}],"replies":[{"embeddable":true,"href":"https:\/\/jms.com.bo\/mediamonitor\/wp-json\/wp\/v2\/comments?post=52641"}],"version-history":[{"count":0,"href":"https:\/\/jms.com.bo\/mediamonitor\/wp-json\/wp\/v2\/posts\/52641\/revisions"}],"wp:featuredmedia":[{"embeddable":true,"href":"https:\/\/jms.com.bo\/mediamonitor\/wp-json\/wp\/v2\/media\/52642"}],"wp:attachment":[{"href":"https:\/\/jms.com.bo\/mediamonitor\/wp-json\/wp\/v2\/media?parent=52641"}],"wp:term":[{"taxonomy":"category","embeddable":true,"href":"https:\/\/jms.com.bo\/mediamonitor\/wp-json\/wp\/v2\/categories?post=52641"},{"taxonomy":"post_tag","embeddable":true,"href":"https:\/\/jms.com.bo\/mediamonitor\/wp-json\/wp\/v2\/tags?post=52641"}],"curies":[{"name":"wp","href":"https:\/\/api.w.org\/{rel}","templated":true}]}}