{"id":52650,"date":"2023-06-22T07:04:46","date_gmt":"2023-06-22T11:04:46","guid":{"rendered":"https:\/\/jms.com.bo\/mediamonitor\/2023\/06\/22\/que-pasa-con-las-elecciones-judiciales-la-alp-no-avanza-en-la-reglamentacion\/"},"modified":"2023-06-22T07:04:46","modified_gmt":"2023-06-22T11:04:46","slug":"que-pasa-con-las-elecciones-judiciales-la-alp-no-avanza-en-la-reglamentacion","status":"publish","type":"post","link":"https:\/\/jms.com.bo\/mediamonitor\/2023\/06\/22\/que-pasa-con-las-elecciones-judiciales-la-alp-no-avanza-en-la-reglamentacion\/","title":{"rendered":"\u00bfQu\u00e9 pasa con las elecciones judiciales? La ALP no avanza en la reglamentaci\u00f3n"},"content":{"rendered":"<p style=\"text-align: justify;\">Despu\u00e9s de 15 d\u00edas de que el presidente Luis Arce promulg\u00f3 la Ley Transitoria 1513, del 5 de junio de 2023, para la preselecci\u00f3n de postulantes al \u00d3rgano Judicial, la Comisi\u00f3n Mixta de Constituci\u00f3n no da luces para la elaboraci\u00f3n del reglamento de convocatoria.<\/p>\n<p style=\"text-align: justify;\">Mientras el tiempo corre y los cargos de las actuales autoridades judiciales fenece el 31 de diciembre. Seg\u00fan reporte de la C\u00e1mara de Diputados, el 16 de junio la Comisi\u00f3n Mixta pospuso sin fecha la sesi\u00f3n para elaborar el reglamento de convocatoria. \u201cTen\u00edamos la posibilidad de que esta semana nos convoquen pero hasta el momento no tenemos la convocatoria para este tema (&#8230;) preocupa por el tema del tiempo porque no es posible de que hasta el momento la Comisi\u00f3n (Mixta) de Constituci\u00f3n no nos convoque para tratar este tema que es tan importante\u201d, dijo este martes el diputado Froil\u00e1n Mamani del Movimiento Al Socialismo (MAS), que es parte de esta instancia legislativa.<\/p>\n<p style=\"text-align: justify;\">De su lado, el jefe de bancada del partido azul, Andr\u00e9s Flores, asegur\u00f3 esta jornada que \u201cen este momento la Comisi\u00f3n Mixta est\u00e1 trabajando una reglamentaci\u00f3n\u201d para que despu\u00e9s la misma pase al pleno de la Asamblea Legislativa para su aprobaci\u00f3n. No obstante, P\u00e1gina Siete comprob\u00f3 que dicha Comisi\u00f3n no sesion\u00f3 desde el viernes 16 de junio y que la presidenta de dicha instancia, la senadora Patricia Arce (MAS), est\u00e1 en Cochabamba donde se reuni\u00f3 este martes con funcionarios de la F\u00e1brica Boliviana de Envases, visit\u00f3 la factor\u00eda y asegur\u00f3 un trabajo coordinado con los fabriles.<\/p>\n<p style=\"text-align: justify;\">El fin de semana se reuni\u00f3 con tres cooperativas mineras: Vila K\u2019asa, Huayllojo R.L. y Castillo man\u00ed R.L., seg\u00fan reporte de la pagina del Senado en el Facebook.El 12 de junio de 2023, la Gaceta Oficial de Bolivia public\u00f3 la aprobaci\u00f3n de la Ley 1315 denominada \u201cLey transitoria para garantizar el proceso de preselecci\u00f3n de candidatas y candidatos para la conformaci\u00f3n del Tribunal Constitucional Plurinacional, Tribunal Supremo de Justicia, Tribunal Agroambiental y Consejo de la Magistratura\u201d. La norma se public\u00f3 siete d\u00edas despu\u00e9s que el presidente Arce la promulg\u00f3.El diputado Mamani, expres\u00f3 su preocupaci\u00f3n porque hasta la fecha no se agiliza la elaboraci\u00f3n del reglamento de preselecci\u00f3n tomando en cuenta que la norma acorta los plazos para esta tarea.<\/p>\n<p style=\"text-align: justify;\">\u201cLo que m\u00e1s me preocupa es el tema del tiempo. Es una situaci\u00f3n muy complicada tomando en cuenta la responsabilidad de la Asamblea Legislativa para garantizar el trabajo del Tribunal Supremo Electoral (TSE)\u201d, afirm\u00f3 el legislador.Seg\u00fan el par\u00e1grafo II del art\u00edculo 2 de la norma, \u201cla postulaci\u00f3n y preselecci\u00f3n de los postulantes tendr\u00e1 una duraci\u00f3n de hasta 60 d\u00edas calendario\u201d, en tanto que \u201cla organizaci\u00f3n y realizaci\u00f3n de la votaci\u00f3n popular, con una duraci\u00f3n de hasta 100 d\u00edas calendario\u201d, se lee en la ley.<\/p>\n<p style=\"text-align: justify;\">Esta \u00faltima tarea est\u00e1 a cargo el TSE. La pasada semana, legisladores del MAS dec\u00edan que est\u00e1n a la espera de que el TCP emita el fallo sobre la Acci\u00f3n de Amparo Constitucional contra el reglamento de convocatoria que present\u00f3 el abogado Miguel Balc\u00e1zar Ruiz en la primera de abril y que suspendi\u00f3 la inscripci\u00f3n de postulantes.D\u00edas despu\u00e9s, el 24 de abril se present\u00f3 otro recurso contra el segundo reglamento y fue la Acci\u00f3n Abstracta de Inconstitucionalidad que present\u00f3 el diputado de Creemos Leonardo Fabi\u00e1n Ayala que observ\u00f3 que la ALP aprob\u00f3 el reglamento y la convocatoria solo con una resoluci\u00f3n de la ALP y no as\u00ed con una ley.<\/p>\n","protected":false},"excerpt":{"rendered":"<p>Despu\u00e9s de 15 d\u00edas de que el presidente Luis Arce promulg\u00f3 la Ley Transitoria 1513, del 5 de junio de 2023, para la preselecci\u00f3n de postulantes al \u00d3rgano Judicial, la Comisi\u00f3n Mixta de Constituci\u00f3n no da luces para la elaboraci\u00f3n del reglamento de convocatoria. Mientras el tiempo corre y los cargos de las actuales autoridades [&hellip;]<\/p>\n","protected":false},"author":4,"featured_media":52651,"comment_status":"open","ping_status":"closed","sticky":false,"template":"","format":"standard","meta":{"footnotes":""},"categories":[18,48,46],"tags":[],"class_list":{"0":"post-52650","1":"post","2":"type-post","3":"status-publish","4":"format-standard","5":"has-post-thumbnail","7":"category-politica","8":"category-portada-general-sitio","9":"category-portada-politica"},"_links":{"self":[{"href":"https:\/\/jms.com.bo\/mediamonitor\/wp-json\/wp\/v2\/posts\/52650","targetHints":{"allow":["GET"]}}],"collection":[{"href":"https:\/\/jms.com.bo\/mediamonitor\/wp-json\/wp\/v2\/posts"}],"about":[{"href":"https:\/\/jms.com.bo\/mediamonitor\/wp-json\/wp\/v2\/types\/post"}],"author":[{"embeddable":true,"href":"https:\/\/jms.com.bo\/mediamonitor\/wp-json\/wp\/v2\/users\/4"}],"replies":[{"embeddable":true,"href":"https:\/\/jms.com.bo\/mediamonitor\/wp-json\/wp\/v2\/comments?post=52650"}],"version-history":[{"count":0,"href":"https:\/\/jms.com.bo\/mediamonitor\/wp-json\/wp\/v2\/posts\/52650\/revisions"}],"wp:featuredmedia":[{"embeddable":true,"href":"https:\/\/jms.com.bo\/mediamonitor\/wp-json\/wp\/v2\/media\/52651"}],"wp:attachment":[{"href":"https:\/\/jms.com.bo\/mediamonitor\/wp-json\/wp\/v2\/media?parent=52650"}],"wp:term":[{"taxonomy":"category","embeddable":true,"href":"https:\/\/jms.com.bo\/mediamonitor\/wp-json\/wp\/v2\/categories?post=52650"},{"taxonomy":"post_tag","embeddable":true,"href":"https:\/\/jms.com.bo\/mediamonitor\/wp-json\/wp\/v2\/tags?post=52650"}],"curies":[{"name":"wp","href":"https:\/\/api.w.org\/{rel}","templated":true}]}}