{"id":52654,"date":"2023-06-22T07:09:12","date_gmt":"2023-06-22T11:09:12","guid":{"rendered":"https:\/\/jms.com.bo\/mediamonitor\/2023\/06\/22\/la-inflacion-en-mayo-esta-solo-por-debajo-de-argentina-y-venezuela\/"},"modified":"2023-06-22T07:09:12","modified_gmt":"2023-06-22T11:09:12","slug":"la-inflacion-en-mayo-esta-solo-por-debajo-de-argentina-y-venezuela","status":"publish","type":"post","link":"https:\/\/jms.com.bo\/mediamonitor\/2023\/06\/22\/la-inflacion-en-mayo-esta-solo-por-debajo-de-argentina-y-venezuela\/","title":{"rendered":"La inflaci\u00f3n en mayo est\u00e1 s\u00f3lo por debajo de Argentina y Venezuela"},"content":{"rendered":"<p style=\"text-align: justify;\">Aunque el Gobierno nacional se\u00f1ala de manera recurrente que Bolivia tiene la tasa de inflaci\u00f3n m\u00e1s baja de la regi\u00f3n, los reportes oficiales indican que, contrariamente, posee una de las m\u00e1s elevadas, solamente por debajo de Argentina y Venezuela.<\/p>\n<p style=\"text-align: justify;\">Seg\u00fan un an\u00e1lisis elaborado por el economista Fernando Romero, en base a las estad\u00edsticas oficiales de los pa\u00edses sudamericanos, Bolivia report\u00f3 en mayo de 2023 una tasa de inflaci\u00f3n del 0,57por ciento; Argentina alcanz\u00f3 un 7,80 por ciento y Venezuela un 7,60 por ciento. El resto de los pa\u00edses tiene un porcentaje inferior.<\/p>\n<p style=\"text-align: justify;\">Asimismo, la tasa de inflaci\u00f3n interanual de Bolivia entre mayo de 2022 y mayo de 2023 lleg\u00f3 al 2,90 por ciento. Ecuador y Paraguay tienen las cifras m\u00e1s bajas, con 1,97 y 2,50 por ciento, respectivamente.<\/p>\n<p style=\"text-align: justify;\">En ese sentido, Romero no solamente refut\u00f3 las afirmaciones del Gobierno que se\u00f1alan que el pa\u00eds posee la tasa de inflaci\u00f3n m\u00e1s baja de la regi\u00f3n, sino tambi\u00e9n asegur\u00f3 que el c\u00e1lculo del \u00cdndica de Precios al Consumidor (IPC) es una estimaci\u00f3n \u201cmuy lejana\u201d de la realidad, sobre todo al considerar que la econom\u00eda informal es elevada.<\/p>\n<p style=\"text-align: justify;\">El especialista observ\u00f3 que, de los 397 productos que se toman en cuenta para el c\u00e1lculo del IPC, s\u00f3lo un 6 por ciento corresponden a la canasta familiar, es decir, alimentos como arroz, papa, fideo, leche, az\u00facar, entre otros.<\/p>\n<p style=\"text-align: justify;\">De este modo, aunque hubiera un considerable incremento en el precio de los alimentos b\u00e1sicos, \u00e9ste no se reflejar\u00e1 en el promedio total.<\/p>\n<p style=\"text-align: justify;\">\u201cEntonces, el IPC, bajo esta metodolog\u00eda de medici\u00f3n, est\u00e1 lejano del verdadero nivel de inflaci\u00f3n\u201d, subray\u00f3.<\/p>\n<p style=\"text-align: justify;\">Tambi\u00e9n mencion\u00f3 que, en el contexto internacional actual, caracterizado por el enfriamiento de las econom\u00edas, es probable que Bolivia cierre la gesti\u00f3n 2023 con una inflaci\u00f3n del 3,5 al 4 por ciento, superior a las estimaciones del Gobierno.<\/p>\n<p style=\"text-align: justify;\">Por su parte, el economista Gonzalo Ch\u00e1vez afirm\u00f3 que, a la hora de construir el IPC, el incremento de precios de los productos de la canasta b\u00e1sica \u201cse diluye en un mar de productos y servicios\u201d.<\/p>\n<p style=\"text-align: justify;\">En sus redes sociales, el analista explic\u00f3 que esto ocurre porque las familias s\u00f3lo compran alrededor de 15 a 20 productos, la mayor\u00eda alimentos y bebidas no alcoh\u00f3licas.<\/p>\n<p style=\"text-align: justify;\">\u201cDeber\u00edamos tener un IPC de la canasta b\u00e1sica. En otros pa\u00edses, por ejemplo, miden los precios por nivel de renta e inclusive hay un IPC de la tercera edad donde los pesos son diferentes\u201d, dijo Ch\u00e1vez.<\/p>\n<p style=\"text-align: justify;\">Sin embargo, el viceministro de Presupuesto y Contabilidad Fiscal, Zen\u00f3n Mamani, inform\u00f3 que al mes de mayo Bolivia registr\u00f3 una inflaci\u00f3n acumulada de 0,6 por ciento, y asegur\u00f3 que es la tasa m\u00e1s baja de la regi\u00f3n.<\/p>\n<p style=\"text-align: justify;\">No obstante, los datos oficiales dan cuenta que la tasa acumulada a mayo m\u00e1s baja de la regi\u00f3n la tiene Ecuador, con 0,49 por ciento.<\/p>\n<p style=\"text-align: justify;\">\n","protected":false},"excerpt":{"rendered":"<p>Aunque el Gobierno nacional se\u00f1ala de manera recurrente que Bolivia tiene la tasa de inflaci\u00f3n m\u00e1s baja de la regi\u00f3n, los reportes oficiales indican que, contrariamente, posee una de las m\u00e1s elevadas, solamente por debajo de Argentina y Venezuela. Seg\u00fan un an\u00e1lisis elaborado por el economista Fernando Romero, en base a las estad\u00edsticas oficiales de [&hellip;]<\/p>\n","protected":false},"author":4,"featured_media":52655,"comment_status":"open","ping_status":"closed","sticky":false,"template":"","format":"standard","meta":{"footnotes":""},"categories":[25],"tags":[],"class_list":{"0":"post-52654","1":"post","2":"type-post","3":"status-publish","4":"format-standard","5":"has-post-thumbnail","7":"category-economia"},"_links":{"self":[{"href":"https:\/\/jms.com.bo\/mediamonitor\/wp-json\/wp\/v2\/posts\/52654","targetHints":{"allow":["GET"]}}],"collection":[{"href":"https:\/\/jms.com.bo\/mediamonitor\/wp-json\/wp\/v2\/posts"}],"about":[{"href":"https:\/\/jms.com.bo\/mediamonitor\/wp-json\/wp\/v2\/types\/post"}],"author":[{"embeddable":true,"href":"https:\/\/jms.com.bo\/mediamonitor\/wp-json\/wp\/v2\/users\/4"}],"replies":[{"embeddable":true,"href":"https:\/\/jms.com.bo\/mediamonitor\/wp-json\/wp\/v2\/comments?post=52654"}],"version-history":[{"count":0,"href":"https:\/\/jms.com.bo\/mediamonitor\/wp-json\/wp\/v2\/posts\/52654\/revisions"}],"wp:featuredmedia":[{"embeddable":true,"href":"https:\/\/jms.com.bo\/mediamonitor\/wp-json\/wp\/v2\/media\/52655"}],"wp:attachment":[{"href":"https:\/\/jms.com.bo\/mediamonitor\/wp-json\/wp\/v2\/media?parent=52654"}],"wp:term":[{"taxonomy":"category","embeddable":true,"href":"https:\/\/jms.com.bo\/mediamonitor\/wp-json\/wp\/v2\/categories?post=52654"},{"taxonomy":"post_tag","embeddable":true,"href":"https:\/\/jms.com.bo\/mediamonitor\/wp-json\/wp\/v2\/tags?post=52654"}],"curies":[{"name":"wp","href":"https:\/\/api.w.org\/{rel}","templated":true}]}}