{"id":53151,"date":"2023-06-29T07:14:38","date_gmt":"2023-06-29T11:14:38","guid":{"rendered":"https:\/\/jms.com.bo\/mediamonitor\/2023\/06\/29\/iberostar-logra-en-brasil-su-primera-operacion-con-electricidad-100-renovable-en-america\/"},"modified":"2023-06-29T07:14:38","modified_gmt":"2023-06-29T11:14:38","slug":"iberostar-logra-en-brasil-su-primera-operacion-con-electricidad-100-renovable-en-america","status":"publish","type":"post","link":"https:\/\/jms.com.bo\/mediamonitor\/2023\/06\/29\/iberostar-logra-en-brasil-su-primera-operacion-con-electricidad-100-renovable-en-america\/","title":{"rendered":"Iberostar logra en Brasil su primera operaci\u00f3n con electricidad 100% renovable en Am\u00e9rica"},"content":{"rendered":"<p style=\"text-align: justify;\">Iberostar Hotels &amp; Resorts ha alcanzado el suministro de energ\u00eda 100% renovable para sus hoteles de Bah\u00eda, en Brasil, lo que les convierte en el primer resort de Iberostar en Am\u00e9rica que logra este avance hacia la descarbonizaci\u00f3n.<\/p>\n<p style=\"text-align: justify;\">El complejo, que cuenta con dos establecimientos (Iberostar Selection Praia do Forte e Iberostar Bah\u00eda), y m\u00e1s de mil habitaciones, emplea a m\u00e1s de 2.000 personas y recibe aproximadamente 181.000 hu\u00e9spedes al a\u00f1o, lo que demanda un consumo energ\u00e9tico que alcanz\u00f3 los 21.217 MWh en 2022.<\/p>\n<p style=\"text-align: justify;\">El director de gobernanza de sostenibilidad en Iberostar, Gabriel Martorell, celebra que \u201ceste hito es el resultado del s\u00f3lido compromiso de la compa\u00f1\u00eda con su propia Agenda 2030, que tiene como objetivo lograr la neutralidad de carbono\u201d. \u201cGracias a nuestros ambiciosos compromisos y los incansables esfuerzos de nuestros equipos hemos asegurado con \u00e9xito que la energ\u00eda que suministra nuestro complejo de Brasil sea de origen totalmente renovable\u201d.<\/p>\n<p style=\"text-align: justify;\">El m\u00e9todo seguido por la compa\u00f1\u00eda es copiar su modelo en Espa\u00f1a. Actualmente, todos sus hoteles dependen de electricidad procedente exclusivamente de energ\u00edas renovables, respaldada por una garant\u00eda de origen. Esta iniciativa evita la emisi\u00f3n de m\u00e1s de 18.000 toneladas de CO2 al a\u00f1o.<\/p>\n<p style=\"text-align: justify;\">Cabe destacar que el Iberostar Praia do Forte ha estado utilizando energ\u00eda solar para algunos recursos desde 2010 y ahora la propiedad est\u00e1 dando otro paso importante hacia la reducci\u00f3n de la huella de carbono del hotel. Adem\u00e1s de invertir en electricidad renovable, la hotelera ha certificado el origen de esta energ\u00eda a trav\u00e9s del i-REC (Certificado de Energ\u00edas Renovables).<\/p>\n<p style=\"text-align: justify;\">La compa\u00f1\u00eda tambi\u00e9n apoya activamente el avance de tecnolog\u00edas como el hidr\u00f3geno verde en Espa\u00f1a, al tiempo que se esfuerza por inspirar al sector privado a adoptar e integrar fuentes de energ\u00eda renovables a mayor escala. Con estas iniciativas, pretende facilitar la integraci\u00f3n de componentes renovables en la red energ\u00e9tica global, contribuyendo a un futuro m\u00e1s sostenible y respetuoso con el medio ambiente.<\/p>\n<p style=\"text-align: justify;\">\n","protected":false},"excerpt":{"rendered":"<p>Iberostar Hotels &amp; Resorts ha alcanzado el suministro de energ\u00eda 100% renovable para sus hoteles de Bah\u00eda, en Brasil, lo que les convierte en el primer resort de Iberostar en Am\u00e9rica que logra este avance hacia la descarbonizaci\u00f3n. El complejo, que cuenta con dos establecimientos (Iberostar Selection Praia do Forte e Iberostar Bah\u00eda), y m\u00e1s [&hellip;]<\/p>\n","protected":false},"author":4,"featured_media":53152,"comment_status":"open","ping_status":"closed","sticky":false,"template":"","format":"standard","meta":{"footnotes":""},"categories":[39],"tags":[],"class_list":{"0":"post-53151","1":"post","2":"type-post","3":"status-publish","4":"format-standard","5":"has-post-thumbnail","7":"category-energia"},"_links":{"self":[{"href":"https:\/\/jms.com.bo\/mediamonitor\/wp-json\/wp\/v2\/posts\/53151","targetHints":{"allow":["GET"]}}],"collection":[{"href":"https:\/\/jms.com.bo\/mediamonitor\/wp-json\/wp\/v2\/posts"}],"about":[{"href":"https:\/\/jms.com.bo\/mediamonitor\/wp-json\/wp\/v2\/types\/post"}],"author":[{"embeddable":true,"href":"https:\/\/jms.com.bo\/mediamonitor\/wp-json\/wp\/v2\/users\/4"}],"replies":[{"embeddable":true,"href":"https:\/\/jms.com.bo\/mediamonitor\/wp-json\/wp\/v2\/comments?post=53151"}],"version-history":[{"count":0,"href":"https:\/\/jms.com.bo\/mediamonitor\/wp-json\/wp\/v2\/posts\/53151\/revisions"}],"wp:featuredmedia":[{"embeddable":true,"href":"https:\/\/jms.com.bo\/mediamonitor\/wp-json\/wp\/v2\/media\/53152"}],"wp:attachment":[{"href":"https:\/\/jms.com.bo\/mediamonitor\/wp-json\/wp\/v2\/media?parent=53151"}],"wp:term":[{"taxonomy":"category","embeddable":true,"href":"https:\/\/jms.com.bo\/mediamonitor\/wp-json\/wp\/v2\/categories?post=53151"},{"taxonomy":"post_tag","embeddable":true,"href":"https:\/\/jms.com.bo\/mediamonitor\/wp-json\/wp\/v2\/tags?post=53151"}],"curies":[{"name":"wp","href":"https:\/\/api.w.org\/{rel}","templated":true}]}}