{"id":53210,"date":"2023-06-30T06:17:45","date_gmt":"2023-06-30T10:17:45","guid":{"rendered":"https:\/\/jms.com.bo\/mediamonitor\/2023\/06\/30\/ops-y-bolivia-firman-nota-estrategica-de-cooperacion-para-asegurar-el-impacto-en-la-salud-de-la-poblacion\/"},"modified":"2023-06-30T06:17:45","modified_gmt":"2023-06-30T10:17:45","slug":"ops-y-bolivia-firman-nota-estrategica-de-cooperacion-para-asegurar-el-impacto-en-la-salud-de-la-poblacion","status":"publish","type":"post","link":"https:\/\/jms.com.bo\/mediamonitor\/2023\/06\/30\/ops-y-bolivia-firman-nota-estrategica-de-cooperacion-para-asegurar-el-impacto-en-la-salud-de-la-poblacion\/","title":{"rendered":"OPS y Bolivia firman Nota Estrat\u00e9gica de Cooperaci\u00f3n para asegurar el impacto en la salud de la poblaci\u00f3n"},"content":{"rendered":"<p style=\"text-align: justify;\">La Organizaci\u00f3n Panamericana de la Salud (OPS) y el Estado boliviano firmaron en Washington la Nota Estrat\u00e9gica que acompa\u00f1a el documento de la Estrategia de Cooperaci\u00f3n Pa\u00eds (ECP) 2023 \u2013 2027 que permitir\u00e1 la implementaci\u00f3n de cinco prioridades nacionales de salud definidas participativamente y armonizadas con marcos de planificaci\u00f3n nacional y compromisos regionales y globales.<\/p>\n<p style=\"text-align: justify;\">La OPS estuvo representada por su director, Jarbas Barbosa da Silva y Bolivia, por el viceministro de Gesti\u00f3n del Sistema de Salud del Ministerio de Salud y Deportes, \u00c1lvaro Terrazas a nombre de la ministra de Salud, Mar\u00eda Ren\u00e9 Castro, quienes firmaron la estrategia en el marco de la 172 va sesi\u00f3n del Comit\u00e9 Ejecutivo de la OPS, donde la delegaci\u00f3n del Estado Plurinacional particip\u00f3 como miembro por el per\u00edodo 2022-2024, junto a los pa\u00edses de Argentina, Brasil, Chile, Cuba, Estados Unidos, Jamaica, Suriname y Uruguay.<\/p>\n<p style=\"text-align: justify;\">El Estado Plurinacional de Bolivia se est\u00e1 desempe\u00f1ando como relator de la 172 va sesi\u00f3n del Comit\u00e9 Ejecutivo. Al acto de r\u00fabrica de la Nota Estrategia de Cooperaci\u00f3n Pa\u00eds (ECP) 2023 \u2013 2027 asistieron el embajador H\u00e9ctor Arce Zaconeta, representante de Bolivia ante la OEA; la c\u00f3nsul de Bolivia en Washington, Ximena Centellas; y la Encargada de Negocios de Bolivia en Estados Unidos, Maysa Ure\u00f1a.<\/p>\n<p style=\"text-align: justify;\">El viceministro Terrazas resalt\u00f3 que la ECP tiene cinco prioridades que responden a las necesidades nacionales, pero, esencialmente, \u201ccon la mirada puesta en garantizar el ejercicio pleno del derecho a la salud mediante el gratuito Sistema \u00danico de Salud (SUS)\u201d.<\/p>\n<p style=\"text-align: justify;\">Ley 1152 \u201cHacia el Sistema \u00danico de Salud\u201d fue promulgada en febrero de 2019 con el fin de garantizar la atenci\u00f3n en salud gratuita en Bolivia y en marzo del mismo a\u00f1o entr\u00f3 en plena vigencia el SUS en el pa\u00eds.<\/p>\n<p style=\"text-align: justify;\">Seg\u00fan datos oficiales del pa\u00eds, s\u00f3lo en 2023 el Tesoro General de la Naci\u00f3n destin\u00f3 Bs 476.347.370 para la atenci\u00f3n gratuita a trav\u00e9s del SUS. \u201cUn total de 1.098.338 pacientes entre hombres y mujeres accedieron en 2022 a las prestaciones del SUS, que cubre atenci\u00f3n m\u00e9dica, cirug\u00edas y medicamentos de forma gratuita para quienes no cuenta con un seguro de salud\u201d, se\u00f1ala un reporte oficial.<\/p>\n<p style=\"text-align: justify;\">\u201cOtra de las l\u00edneas estrat\u00e9gicas de trabajo es la eliminaci\u00f3n de las enfermedades transmisibles y el control de las enfermedades no transmisibles. Este documento nos marcar\u00e1 el \u00e1rea de trabajo que tambi\u00e9n se debate en estas instancias dentro la Organizaci\u00f3n Panamericana de la Salud con todos los Estados miembros que delimitan y demarcan las l\u00edneas macro con las que los pa\u00edses trabajamos en conjunto\u201d, explic\u00f3 Terrazas.<\/p>\n<p style=\"text-align: justify;\">El Dr. Jarbas Barbosa, director de la OPS, por su lado, manifest\u00f3 su satisfacci\u00f3n por el proceso de consultas y planificaci\u00f3n que rode\u00f3 el proceso de construcci\u00f3n de la ECP en Bolivia, con la acci\u00f3n y coordinaci\u00f3n conjunta de las autoridades nacionales, departamentales y locales, escuchando todas las voces involucradas, con el fin de brindar mejores cuidados esenciales a las y los bolivianos. Ratific\u00f3 la presencia y apoyo permanente de la cooperaci\u00f3n t\u00e9cnica de la OPS\/OMS.<\/p>\n<p style=\"text-align: justify;\">Para la jefa de la Oficina de Coordinaci\u00f3n de Pa\u00edses y Subregiones OPS, magister Piedad Huerta, el acuerdo permite un acompa\u00f1amiento de las pol\u00edticas bolivianas en materia de salud.<\/p>\n<p style=\"text-align: justify;\">\u201cEs un proceso que nos permite definir y aportar nuestra cooperaci\u00f3n t\u00e9cnica, nuestro programa y presupuesto, y definir tambi\u00e9n las necesidades de personal, de capacidad y de fortalezas que debemos tener en el pa\u00eds desde la OPS para acompa\u00f1ar la mejora de la salud del pueblo boliviano, es un documento valioso de la OPS\/OMS que se hace con mucha reciprocidad y refleja los acuerdos contra\u00eddos entre el Gobierno de Bolivia y las organizaciones de la salud\u201d, explic\u00f3.<\/p>\n<p style=\"text-align: justify;\">La Nota Estrat\u00e9gica y la Estrategia de Cooperaci\u00f3n de Pa\u00eds (ECP) de la OPS con y en el Estado Plurinacional de Bolivia para el per\u00edodo 2023 \u2013 2027 es, en efecto, el resultado de un proceso de consulta amplio que se inici\u00f3 en octubre de 2022.<\/p>\n<p style=\"text-align: justify;\">Se construy\u00f3 de manera participativa en base a las gu\u00edas para la preparaci\u00f3n de ECPs de la OMS y los lineamientos metodol\u00f3gicos para la regi\u00f3n de las Am\u00e9ricas. El proceso de consulta tom\u00f3 la voz de m\u00faltiples actores, socios y contrapartes del nivel nacional, departamental y municipal del pa\u00eds. La ECP de Bolivia 2023- 2027 defini\u00f3 cinco prioridades estrat\u00e9gicas y 18 \u00e1reas de enfoque.<\/p>\n<p style=\"text-align: justify;\">Cinco prioridades estrat\u00e9gicas<\/p>\n<p style=\"text-align: justify;\">El programa estrat\u00e9gico para la cooperaci\u00f3n t\u00e9cnica de la OPS\/OMS 2023-2027, a partir de las siguientes cinco prioridades estrat\u00e9gicas y 18 \u00e1reas de enfoque que fueron identificadas participativamente con los actores clave y avaladas por el MSyD:<\/p>\n<p style=\"text-align: justify;\">1. Fortalecer la promoci\u00f3n de la salud y prevenci\u00f3n de la enfermedad a trav\u00e9s del curso de vida considerando los determinantes de la salud con enfoque intercultural, de g\u00e9nero y de derechos.<\/p>\n<p style=\"text-align: justify;\">2. Contribuir al desarrollo de un Sistema \u00danico de Salud (SUS) resiliente y basado en la Atenci\u00f3n Primaria de Salud con \u00e9nfasis en el desarrollo de la pol\u00edtica de Salud Familiar Comunitaria e intercultural (SAFCI) garantizando gratuidad y equidad en el acceso.<\/p>\n<p style=\"text-align: justify;\">3. Fortalecer el acceso a los servicios de salud de calidad, integrados e integrales que respondan a las necesidades de salud centrados en la persona, familia y comunidad, basados en la pol\u00edtica SAFCI e incorporando los enfoques de derechos, g\u00e9nero e interculturalidad.<\/p>\n<p style=\"text-align: justify;\">4. Fortalecer la capacidad de preparaci\u00f3n, respuesta y recuperaci\u00f3n temprana del sistema de salud ante las emergencias sanitarias y desastres con participaci\u00f3n de la comunidad.<\/p>\n<p style=\"text-align: justify;\">5. Fortalecer la capacidad del pa\u00eds para avanzar hacia la eliminaci\u00f3n de enfermedades transmisibles y el control de las enfermedades no transmisibles (ENT).<\/p>\n<p style=\"text-align: justify;\">La Estrategia de Cooperaci\u00f3n del Pa\u00eds (ECP) es el marco estrat\u00e9gico de la OPS y de la OMS para guiar el trabajo en y con el pa\u00eds. En el caso de Bolivia, responde a la Agenda Nacional de Salud y Desarrollo y a los planes de Desarrollo Sectorial y del Ministerio de Salud del pa\u00eds (PDES y PSDI 2021-2025) e identifica un conjunto de prioridades acordadas para la colaboraci\u00f3n de la OPS\/OMS, cubriendo aquellas \u00e1reas donde la Organizaci\u00f3n tiene una ventaja comparativa para asegurar el impacto en la salud.<\/p>\n<p style=\"text-align: justify;\">La ECP tiene adem\u00e1s los marcos de planificaci\u00f3n estrat\u00e9gica institucionales partiendo de la Agenda de Desarrollo Sostenible 2030, el D\u00e9cimo tercer Programa General de Trabajo (PGT13) de OMS y, al mismo tiempo, la Agenda de Salud Sostenible para las Am\u00e9ricas 2018-2030 (ASSA 2030) y al Plan Estrat\u00e9gico de la OPS 2020-2025.<\/p>\n<p style=\"text-align: justify;\">Bajo el liderazgo de la Representante de OPS\/OMS en Bolivia, Dra. Alma Morales Salinas, el personal de la Oficina de Pa\u00eds particip\u00f3 en la preparaci\u00f3n, as\u00ed como funcionarios de otras oficinas de pa\u00eds y de la sede de la OPS\/OMS, contando adem\u00e1s con la orientaci\u00f3n de la Oficina de Coordinaci\u00f3n de Pa\u00edses y Subregiones (CSC) de OPS.<\/p>\n","protected":false},"excerpt":{"rendered":"<p>La Organizaci\u00f3n Panamericana de la Salud (OPS) y el Estado boliviano firmaron en Washington la Nota Estrat\u00e9gica que acompa\u00f1a el documento de la Estrategia de Cooperaci\u00f3n Pa\u00eds (ECP) 2023 \u2013 2027 que permitir\u00e1 la implementaci\u00f3n de cinco prioridades nacionales de salud definidas participativamente y armonizadas con marcos de planificaci\u00f3n nacional y compromisos regionales y globales. [&hellip;]<\/p>\n","protected":false},"author":4,"featured_media":53211,"comment_status":"open","ping_status":"closed","sticky":false,"template":"","format":"standard","meta":{"footnotes":""},"categories":[49],"tags":[],"class_list":{"0":"post-53210","1":"post","2":"type-post","3":"status-publish","4":"format-standard","5":"has-post-thumbnail","7":"category-social"},"_links":{"self":[{"href":"https:\/\/jms.com.bo\/mediamonitor\/wp-json\/wp\/v2\/posts\/53210","targetHints":{"allow":["GET"]}}],"collection":[{"href":"https:\/\/jms.com.bo\/mediamonitor\/wp-json\/wp\/v2\/posts"}],"about":[{"href":"https:\/\/jms.com.bo\/mediamonitor\/wp-json\/wp\/v2\/types\/post"}],"author":[{"embeddable":true,"href":"https:\/\/jms.com.bo\/mediamonitor\/wp-json\/wp\/v2\/users\/4"}],"replies":[{"embeddable":true,"href":"https:\/\/jms.com.bo\/mediamonitor\/wp-json\/wp\/v2\/comments?post=53210"}],"version-history":[{"count":0,"href":"https:\/\/jms.com.bo\/mediamonitor\/wp-json\/wp\/v2\/posts\/53210\/revisions"}],"wp:featuredmedia":[{"embeddable":true,"href":"https:\/\/jms.com.bo\/mediamonitor\/wp-json\/wp\/v2\/media\/53211"}],"wp:attachment":[{"href":"https:\/\/jms.com.bo\/mediamonitor\/wp-json\/wp\/v2\/media?parent=53210"}],"wp:term":[{"taxonomy":"category","embeddable":true,"href":"https:\/\/jms.com.bo\/mediamonitor\/wp-json\/wp\/v2\/categories?post=53210"},{"taxonomy":"post_tag","embeddable":true,"href":"https:\/\/jms.com.bo\/mediamonitor\/wp-json\/wp\/v2\/tags?post=53210"}],"curies":[{"name":"wp","href":"https:\/\/api.w.org\/{rel}","templated":true}]}}