{"id":53214,"date":"2023-06-30T06:22:00","date_gmt":"2023-06-30T10:22:00","guid":{"rendered":"https:\/\/jms.com.bo\/mediamonitor\/2023\/06\/30\/empresarios-destacan-nuevo-polo-de-desarrollo-en-el-norte-de-la-paz-beni-y-pando\/"},"modified":"2023-06-30T06:22:00","modified_gmt":"2023-06-30T10:22:00","slug":"empresarios-destacan-nuevo-polo-de-desarrollo-en-el-norte-de-la-paz-beni-y-pando","status":"publish","type":"post","link":"https:\/\/jms.com.bo\/mediamonitor\/2023\/06\/30\/empresarios-destacan-nuevo-polo-de-desarrollo-en-el-norte-de-la-paz-beni-y-pando\/","title":{"rendered":"Empresarios destacan nuevo polo de desarrollo en el Norte de La Paz, Beni y Pando"},"content":{"rendered":"<p style=\"text-align: justify;\">El Norte de La Paz es el nuevo polo de desarrollo para el pa\u00eds, destacaron los 24 empresarios que protagonizaron la Marcha al Norte y recorrieron poblaciones del departamento pace\u00f1o y de Beni.<\/p>\n<p style=\"text-align: justify;\">Tras visitar Caranavi, Palos Blancos, Quiquibey, Yucumo, Rurrenabaque, San Buena Aventura, Ixiamas. Adem\u00e1s, Reyes, San Borja, San Ignacio de Moxos y Trinidad, quedaron sorprendidos por el gran potencial econ\u00f3mico que alberga esa regi\u00f3n del pa\u00eds.<\/p>\n<p style=\"text-align: justify;\">\u201cSe trata de impulsar la Marcha al Norte de La Paz, Beni y Pando que es el polo de la nueva geoestrategia de desarrollo nacional con gravitaci\u00f3n mundial\u201d, dijo el presidente de la C\u00e1mara Departamental de Industrias de La Paz, Gonzalo Morales.<\/p>\n<p style=\"text-align: justify;\">Resaltaron el potencial agroindustrial, ganadero, tur\u00edstico y gastron\u00f3mico de cerca de 20 millones de hect\u00e1reas para producir ca\u00f1a de az\u00facar, ma\u00edz, soja, ganado vacuno. Adem\u00e1s, de caf\u00e9, miel, casta\u00f1a, c\u00edtricos y otros productos agropecuarios.<\/p>\n<p style=\"text-align: justify;\">Morales dijo que solo en Beni con el nuevo PLUS (Plan de Uso de Suelos) se tiene m\u00e1s de 9 millones de hect\u00e1reas con potencial agropecuario. Y el norte de La Paz y Pando se tendr\u00eda cerca de 10 millones de hect\u00e1reas con alto potencial productivo si se aprueba un nuevo PLUS.<\/p>\n<p style=\"text-align: justify;\">Rutas<\/p>\n<p style=\"text-align: justify;\">\u201cEstamos ante un nuevo polo de desarrollo de Bolivia en la integraci\u00f3n del norte de La Paz, Pando y Beni con gravitaci\u00f3n nacional y mundial. La producci\u00f3n agropecuaria de este nuevo polo de desarrollo puede generar soberan\u00eda alimentaria del pa\u00eds\u201d.<\/p>\n<p style=\"text-align: justify;\">En San Ignacio de Moxos, la caravana de inversionistas pace\u00f1os ratific\u00f3 las nuevas rutas terrestres y fluviales para promover el desarrollo de los mercados nacionales y mundiales.<\/p>\n<p style=\"text-align: justify;\">Asimismo, aseguraron que existe una nueva visi\u00f3n geoestrat\u00e9gica a partir de la conexi\u00f3n del norte pace\u00f1o, Pando y Beni con Guayaramer\u00edn, Puerto Velho y Manaos en el Brasil con salida al oc\u00e9ano Atl\u00e1ntico.<\/p>\n<p style=\"text-align: justify;\">\u201cLos costos de transporte para la exportaci\u00f3n e importaci\u00f3n de los productos de la zona se reducen a la mitad si se utilizan las v\u00edas terrestres y fluviales hacia el Brasil\u201d.<\/p>\n<p style=\"text-align: justify;\">La C\u00e1mara Departamental de Industrias de La Paz impuls\u00f3 la semana pasada la Marcha al Norte y su integraci\u00f3n con Pando y Beni para promover el desarrollo de Bolivia.<\/p>\n","protected":false},"excerpt":{"rendered":"<p>El Norte de La Paz es el nuevo polo de desarrollo para el pa\u00eds, destacaron los 24 empresarios que protagonizaron la Marcha al Norte y recorrieron poblaciones del departamento pace\u00f1o y de Beni. Tras visitar Caranavi, Palos Blancos, Quiquibey, Yucumo, Rurrenabaque, San Buena Aventura, Ixiamas. Adem\u00e1s, Reyes, San Borja, San Ignacio de Moxos y Trinidad, [&hellip;]<\/p>\n","protected":false},"author":4,"featured_media":53215,"comment_status":"open","ping_status":"closed","sticky":false,"template":"","format":"standard","meta":{"footnotes":""},"categories":[52],"tags":[],"class_list":{"0":"post-53214","1":"post","2":"type-post","3":"status-publish","4":"format-standard","5":"has-post-thumbnail","7":"category-alimentos-agroindustria"},"_links":{"self":[{"href":"https:\/\/jms.com.bo\/mediamonitor\/wp-json\/wp\/v2\/posts\/53214","targetHints":{"allow":["GET"]}}],"collection":[{"href":"https:\/\/jms.com.bo\/mediamonitor\/wp-json\/wp\/v2\/posts"}],"about":[{"href":"https:\/\/jms.com.bo\/mediamonitor\/wp-json\/wp\/v2\/types\/post"}],"author":[{"embeddable":true,"href":"https:\/\/jms.com.bo\/mediamonitor\/wp-json\/wp\/v2\/users\/4"}],"replies":[{"embeddable":true,"href":"https:\/\/jms.com.bo\/mediamonitor\/wp-json\/wp\/v2\/comments?post=53214"}],"version-history":[{"count":0,"href":"https:\/\/jms.com.bo\/mediamonitor\/wp-json\/wp\/v2\/posts\/53214\/revisions"}],"wp:featuredmedia":[{"embeddable":true,"href":"https:\/\/jms.com.bo\/mediamonitor\/wp-json\/wp\/v2\/media\/53215"}],"wp:attachment":[{"href":"https:\/\/jms.com.bo\/mediamonitor\/wp-json\/wp\/v2\/media?parent=53214"}],"wp:term":[{"taxonomy":"category","embeddable":true,"href":"https:\/\/jms.com.bo\/mediamonitor\/wp-json\/wp\/v2\/categories?post=53214"},{"taxonomy":"post_tag","embeddable":true,"href":"https:\/\/jms.com.bo\/mediamonitor\/wp-json\/wp\/v2\/tags?post=53214"}],"curies":[{"name":"wp","href":"https:\/\/api.w.org\/{rel}","templated":true}]}}