{"id":53216,"date":"2023-06-30T06:23:13","date_gmt":"2023-06-30T10:23:13","guid":{"rendered":"https:\/\/jms.com.bo\/mediamonitor\/2023\/06\/30\/inauguran-escuela-de-formacion-sindical\/"},"modified":"2023-06-30T06:23:13","modified_gmt":"2023-06-30T10:23:13","slug":"inauguran-escuela-de-formacion-sindical","status":"publish","type":"post","link":"https:\/\/jms.com.bo\/mediamonitor\/2023\/06\/30\/inauguran-escuela-de-formacion-sindical\/","title":{"rendered":"Inauguran escuela de formaci\u00f3n sindical"},"content":{"rendered":"<p style=\"text-align: justify;\">En la jornada del mi\u00e9rcoles, los representantes del Centro de Investigaci\u00f3n y Promoci\u00f3n del Campesinado (Cipca) Santa Cruz y Fos Lucha Social Mundial lanzaron la Escuela de Formaci\u00f3n Sindical de la Confederaci\u00f3n Nacional de Trabajadores Asalariados del Campo de Bolivia.<\/p>\n<p style=\"text-align: justify;\">\u201cEl objetivo de la escuela, adem\u00e1s de la formaci\u00f3n de l\u00edderes sindicales, es formar masa cr\u00edtica y abrazar la defensa de sus derechos\u201d, inform\u00f3 Jorge Luis R\u00edos Cabrera, responsable de la Unidad de Organizaci\u00f3n e Incidencia Regional de Cipca &#8211; Santa Cruz.<\/p>\n<p style=\"text-align: justify;\">El primer m\u00f3dulo, de los tres que tienen, tambi\u00e9n comenz\u00f3 el mi\u00e9rcoles. R\u00edos explic\u00f3 que cada m\u00f3dulo consta de tres sesiones y al finalizar el proceso de formaci\u00f3n, los participantes podr\u00e1n contar con sus respectivos certificados avalados.<\/p>\n<p style=\"text-align: justify;\">La escuela tiene como objetivo formar a m\u00e1s de 130 representantes sindicales para todas las regiones el pa\u00eds.<\/p>\n","protected":false},"excerpt":{"rendered":"<p>En la jornada del mi\u00e9rcoles, los representantes del Centro de Investigaci\u00f3n y Promoci\u00f3n del Campesinado (Cipca) Santa Cruz y Fos Lucha Social Mundial lanzaron la Escuela de Formaci\u00f3n Sindical de la Confederaci\u00f3n Nacional de Trabajadores Asalariados del Campo de Bolivia. \u201cEl objetivo de la escuela, adem\u00e1s de la formaci\u00f3n de l\u00edderes sindicales, es formar masa [&hellip;]<\/p>\n","protected":false},"author":4,"featured_media":53217,"comment_status":"open","ping_status":"closed","sticky":false,"template":"","format":"standard","meta":{"footnotes":""},"categories":[53],"tags":[],"class_list":{"0":"post-53216","1":"post","2":"type-post","3":"status-publish","4":"format-standard","5":"has-post-thumbnail","7":"category-salud"},"_links":{"self":[{"href":"https:\/\/jms.com.bo\/mediamonitor\/wp-json\/wp\/v2\/posts\/53216","targetHints":{"allow":["GET"]}}],"collection":[{"href":"https:\/\/jms.com.bo\/mediamonitor\/wp-json\/wp\/v2\/posts"}],"about":[{"href":"https:\/\/jms.com.bo\/mediamonitor\/wp-json\/wp\/v2\/types\/post"}],"author":[{"embeddable":true,"href":"https:\/\/jms.com.bo\/mediamonitor\/wp-json\/wp\/v2\/users\/4"}],"replies":[{"embeddable":true,"href":"https:\/\/jms.com.bo\/mediamonitor\/wp-json\/wp\/v2\/comments?post=53216"}],"version-history":[{"count":0,"href":"https:\/\/jms.com.bo\/mediamonitor\/wp-json\/wp\/v2\/posts\/53216\/revisions"}],"wp:featuredmedia":[{"embeddable":true,"href":"https:\/\/jms.com.bo\/mediamonitor\/wp-json\/wp\/v2\/media\/53217"}],"wp:attachment":[{"href":"https:\/\/jms.com.bo\/mediamonitor\/wp-json\/wp\/v2\/media?parent=53216"}],"wp:term":[{"taxonomy":"category","embeddable":true,"href":"https:\/\/jms.com.bo\/mediamonitor\/wp-json\/wp\/v2\/categories?post=53216"},{"taxonomy":"post_tag","embeddable":true,"href":"https:\/\/jms.com.bo\/mediamonitor\/wp-json\/wp\/v2\/tags?post=53216"}],"curies":[{"name":"wp","href":"https:\/\/api.w.org\/{rel}","templated":true}]}}