{"id":53218,"date":"2023-06-30T06:25:11","date_gmt":"2023-06-30T10:25:11","guid":{"rendered":"https:\/\/jms.com.bo\/mediamonitor\/2023\/06\/30\/salud-cumple-cuarto-dia-de-bloqueo-en-el-puente-internacional-de-villazon\/"},"modified":"2023-06-30T06:25:11","modified_gmt":"2023-06-30T10:25:11","slug":"salud-cumple-cuarto-dia-de-bloqueo-en-el-puente-internacional-de-villazon","status":"publish","type":"post","link":"https:\/\/jms.com.bo\/mediamonitor\/2023\/06\/30\/salud-cumple-cuarto-dia-de-bloqueo-en-el-puente-internacional-de-villazon\/","title":{"rendered":"Salud cumple cuarto d\u00eda de bloqueo en el Puente Internacional de Villaz\u00f3n"},"content":{"rendered":"<p style=\"text-align: justify;\">Los trabajadores de salud p\u00fablica de Tupiza y Atocha, en el departamento de Potos\u00ed, cumplen hoy su cuarto d\u00eda de bloqueo en el Puente Internacional de Villaz\u00f3n, exigiendo la destituci\u00f3n del director del Servicio Departamental de Salud Potos\u00ed (Sedes), Oscar Lazcano, debido a un presunto incumplimiento de compromisos previamente establecidos.<\/p>\n<p style=\"text-align: justify;\">Pablo Chambi, miembro del comit\u00e9 de huelga del hospital de Atocha, inform\u00f3 a Todo Noticias Villaz\u00f3n que desde octubre del a\u00f1o pasado el personal de salud ha intentado entablar un di\u00e1logo con el director del Sedes de Potos\u00ed, a quien acusan de haber firmado una serie de compromisos sin cumplirlos posteriormente.<\/p>\n<p style=\"text-align: justify;\">Adem\u00e1s, los manifestantes denuncian una supuesta intromisi\u00f3n en la designaci\u00f3n de cargos. Por su parte, Lazcano ha afirmado que se trata de una protesta con tinte pol\u00edtico.<\/p>\n<p style=\"text-align: justify;\">En relaci\u00f3n al bloqueo, el subcomandante de la Polic\u00eda, Carlos Oblitas, ha informado que hay varios veh\u00edculos detenidos en ambos lados del puente, a pesar de que se permiti\u00f3 un breve paso durante la jornada de ayer. La autoridad inst\u00f3 a resolver el conflicto para restablecer el tr\u00e1nsito vehicular en la zona.<\/p>\n<p style=\"text-align: justify;\">La situaci\u00f3n en el Puente Internacional de Villaz\u00f3n ha generado inconvenientes para los transe\u00fantes y transportistas, quienes esperan una pronta soluci\u00f3n a fin de normalizar la circulaci\u00f3n en la regi\u00f3n.<\/p>\n","protected":false},"excerpt":{"rendered":"<p>Los trabajadores de salud p\u00fablica de Tupiza y Atocha, en el departamento de Potos\u00ed, cumplen hoy su cuarto d\u00eda de bloqueo en el Puente Internacional de Villaz\u00f3n, exigiendo la destituci\u00f3n del director del Servicio Departamental de Salud Potos\u00ed (Sedes), Oscar Lazcano, debido a un presunto incumplimiento de compromisos previamente establecidos. Pablo Chambi, miembro del comit\u00e9 [&hellip;]<\/p>\n","protected":false},"author":4,"featured_media":53219,"comment_status":"open","ping_status":"closed","sticky":false,"template":"","format":"standard","meta":{"footnotes":""},"categories":[49],"tags":[],"class_list":{"0":"post-53218","1":"post","2":"type-post","3":"status-publish","4":"format-standard","5":"has-post-thumbnail","7":"category-social"},"_links":{"self":[{"href":"https:\/\/jms.com.bo\/mediamonitor\/wp-json\/wp\/v2\/posts\/53218","targetHints":{"allow":["GET"]}}],"collection":[{"href":"https:\/\/jms.com.bo\/mediamonitor\/wp-json\/wp\/v2\/posts"}],"about":[{"href":"https:\/\/jms.com.bo\/mediamonitor\/wp-json\/wp\/v2\/types\/post"}],"author":[{"embeddable":true,"href":"https:\/\/jms.com.bo\/mediamonitor\/wp-json\/wp\/v2\/users\/4"}],"replies":[{"embeddable":true,"href":"https:\/\/jms.com.bo\/mediamonitor\/wp-json\/wp\/v2\/comments?post=53218"}],"version-history":[{"count":0,"href":"https:\/\/jms.com.bo\/mediamonitor\/wp-json\/wp\/v2\/posts\/53218\/revisions"}],"wp:featuredmedia":[{"embeddable":true,"href":"https:\/\/jms.com.bo\/mediamonitor\/wp-json\/wp\/v2\/media\/53219"}],"wp:attachment":[{"href":"https:\/\/jms.com.bo\/mediamonitor\/wp-json\/wp\/v2\/media?parent=53218"}],"wp:term":[{"taxonomy":"category","embeddable":true,"href":"https:\/\/jms.com.bo\/mediamonitor\/wp-json\/wp\/v2\/categories?post=53218"},{"taxonomy":"post_tag","embeddable":true,"href":"https:\/\/jms.com.bo\/mediamonitor\/wp-json\/wp\/v2\/tags?post=53218"}],"curies":[{"name":"wp","href":"https:\/\/api.w.org\/{rel}","templated":true}]}}