{"id":53220,"date":"2023-06-30T06:27:06","date_gmt":"2023-06-30T10:27:06","guid":{"rendered":"https:\/\/jms.com.bo\/mediamonitor\/2023\/06\/30\/el-bloqueo-en-santa-fe-se-mantiene-tras-romperse-el-dialogo-con-representantes-del-consejo-de-la-magistratura-y-la-fiscalia\/"},"modified":"2023-06-30T06:27:06","modified_gmt":"2023-06-30T10:27:06","slug":"el-bloqueo-en-santa-fe-se-mantiene-tras-romperse-el-dialogo-con-representantes-del-consejo-de-la-magistratura-y-la-fiscalia","status":"publish","type":"post","link":"https:\/\/jms.com.bo\/mediamonitor\/2023\/06\/30\/el-bloqueo-en-santa-fe-se-mantiene-tras-romperse-el-dialogo-con-representantes-del-consejo-de-la-magistratura-y-la-fiscalia\/","title":{"rendered":"El bloqueo en Santa Fe se mantiene, tras romperse el di\u00e1logo con representantes del Consejo de la Magistratura y la Fiscal\u00eda"},"content":{"rendered":"<p style=\"text-align: justify;\">No hubo acuerdo entre los pobladores de la localidad de Santa Fe, perteneciente al municipio de San Carlos, y los representantes del Consejo de la Magistratura, de la Fiscal\u00eda y de la Polic\u00eda Bolivia, pese a que se reunieron por m\u00e1s de una hora este jueves.<\/p>\n<p style=\"text-align: justify;\">Por este motivo, los vecinos de la zona determinaron suspender el cuarto intermedio y continuar el bloqueo en la carretera que une Santa Cruz con el tr\u00f3pico de Cochabamba hasta que se atienda su pliego petitorio de 11 puntos, entre los cuales exigen la destituci\u00f3n y sanci\u00f3n para los jueces que liberaron al infanticida Ruddy Y\u00e1\u00f1ez Villavicencio, quien ya ha recibido tres sentencias.<\/p>\n<p style=\"text-align: justify;\">Los comunarios se reunieron por m\u00e1s de una hora con las autoridades de justicia.<br \/>\nLos comunarios se reunieron por m\u00e1s de una hora con las autoridades de justicia.<br \/>\nEn la reuni\u00f3n estuvo Ren\u00e9 C\u00e1ceres, coordinador de la Fiscal\u00eda departamental; Nilo Torrej\u00f3n, subcomandante de la Polic\u00eda de Santa Cruz; \u00c1ngel Morales, comandante de la Polic\u00eda Rural y Fronteriza; Juan Carlos Medina, Laura C\u00e9spedes y Jhimmy Dur\u00e1n como representantes del Consejo de la Magistratura; adem\u00e1s de dirigentes vecinales y de sectores sociales de la provincia Ichilo.<\/p>\n<p style=\"text-align: justify;\">Beltr\u00e1n Mamani, presidente Federaci\u00f3n de Juntas Vecinas de Santa Fe, explic\u00f3 que este bloqueo se instal\u00f3 para exigir justicia por la muerte del menor de 9 a\u00f1os, en manos de Ruddy Y\u00e1\u00f1ez, quien fue liberado por la justicia en dos ocasiones, pero que recientemente ya recibi\u00f3 sentencia por esos dos procesos y otra por infanticidio.<\/p>\n<p style=\"text-align: justify;\">Mamani pidi\u00f3 a los representantes del Consejo de la Magistratura que destituyan a los jueces Mar\u00eda Luisa Saavedra y Sim\u00f3n Alarc\u00f3n, que otorgaron libertad bajo medidas sustitutivas a Ya\u00f1ez en a\u00f1os anteriores, lo que benefici\u00f3 a este acusado para volver a caminar por las calles de Santa Fe y poder asesinar al ni\u00f1o de 9 a\u00f1os.<\/p>\n<p style=\"text-align: justify;\">Sin embargo, Laura C\u00e9spedes explic\u00f3 no se pod\u00eda suspender de manera inmediata a una autoridad de justicia y explic\u00f3 que se debe llevar previamente un proceso disciplinario, en donde se determinar\u00e1 si cometieron o no alguna falta disciplinaria.<\/p>\n<p style=\"text-align: justify;\">Agreg\u00f3 que antes se realiz\u00f3 una auditor\u00eda a los dos procesos penales en los que fue beneficiado Ruddy Y\u00e1\u00f1ez y que los resultados ser\u00e1n remitidos al Consejo de la Magistratura el lunes, y que en base a ello se determinar\u00eda si se iniciaba un proceso disciplinario o penal contra los dos jueces que ordenaron la libertad.<\/p>\n<p style=\"text-align: justify;\">Por su parte, Cinthia Castell\u00f3n, dirigente vecinal de Santa Fe, afirm\u00f3 que el bloqueo instalado en la ruta que conecta Santa Cruz con el tr\u00f3pico de Cochabamba se mantendr\u00e1 de manera indefinida, debido a que no se lleg\u00f3 a un acuerdo con los representantes del Consejo de la Magistratura, pues estos se\u00f1alaron que no tienen poder para destituir de manera inmediata a los jueces de Yapacan\u00ed.<\/p>\n<p style=\"text-align: justify;\">De esta manera, se dio por concluida la mesa de di\u00e1logo y los delegados de la Fiscal\u00eda, de la Polic\u00eda y del Consejo abandonaron Santa Fe, mientras que los pobladores retomaron el punto de bloqueo y anunciaron que radicalizar\u00e1n esta medida.<\/p>\n<p style=\"text-align: justify;\">A este bloqueo, se le suma el apoyo de la Asociaci\u00f3n de Abogados de la provincia Ichilo, que anunciaron que respaldar\u00e1n las determinaciones de poblaci\u00f3n, las cuales fueron plasmadas en un voto resolutivo que consta de los siguientes 11 puntos:<\/p>\n<p style=\"text-align: justify;\">1.- Abrir casos de ni\u00f1os desaparecidos.<\/p>\n<p style=\"text-align: justify;\">2.- Celeridad en las investigaciones por la desaparici\u00f3n del profesor de m\u00fasica.<\/p>\n<p style=\"text-align: justify;\">3.- Toma pac\u00edfica de la Fiscal\u00eda.<\/p>\n<p style=\"text-align: justify;\">4.- Toma pac\u00edfica del juzgado de Yapacan\u00ed.<\/p>\n<p style=\"text-align: justify;\">5.- Destituci\u00f3n inmediata de los jueces (Mar\u00eda Luisa Saavedra y Sim\u00f3n Alarc\u00f3n) que liberaron a Ruddy Y\u00e1\u00f1ez Villavicencio.<\/p>\n<p style=\"text-align: justify;\">6.- Destituci\u00f3n inmediata del fiscal Daniel Bejarano y otros fiscales por incumplimiento de deberes.<\/p>\n<p style=\"text-align: justify;\">7.- Auditoria de las causas de Felcv radicadas en Yapacan\u00ed.<\/p>\n<p style=\"text-align: justify;\">8.- Abrir querellas contra fiscales, jueces y polic\u00edas, por consorcio y prevaricato.<\/p>\n<p style=\"text-align: justify;\">9.- Exigir reconstrucci\u00f3n de los hechos, en el caso del ni\u00f1o asesinado de 9 a\u00f1os, para que se capture a todos los involucrados o encubridores.<\/p>\n<p style=\"text-align: justify;\">10.- Reuni\u00f3n para tratar estos puntos con: el viceministro de R\u00e9gimen Interior y Polic\u00eda, Jhonny Aguilera; con el fiscal departamental, R\u00f3ger Mariaca; con el representante del Consejo de la Magistratura, Olvis \u00c9g\u00fcez; con el presidente del Tribunal Departamental de Justicia, Freddy Larrea; con el ministro de Justicia, Iv\u00e1n Lima, y con la coordinadora nacional de Justicia de Control Social, Darly Franco.<\/p>\n<p style=\"text-align: justify;\">11.- Que se elabore y apruebe el proyecto de ley de penas de muerte, cadena perpetua y sumatorias de condenas, en casos de violaci\u00f3n a ni\u00f1os y ni\u00f1as menores de 12 a\u00f1os.<\/p>\n","protected":false},"excerpt":{"rendered":"<p>No hubo acuerdo entre los pobladores de la localidad de Santa Fe, perteneciente al municipio de San Carlos, y los representantes del Consejo de la Magistratura, de la Fiscal\u00eda y de la Polic\u00eda Bolivia, pese a que se reunieron por m\u00e1s de una hora este jueves. Por este motivo, los vecinos de la zona determinaron [&hellip;]<\/p>\n","protected":false},"author":4,"featured_media":53221,"comment_status":"open","ping_status":"closed","sticky":false,"template":"","format":"standard","meta":{"footnotes":""},"categories":[49],"tags":[],"class_list":{"0":"post-53220","1":"post","2":"type-post","3":"status-publish","4":"format-standard","5":"has-post-thumbnail","7":"category-social"},"_links":{"self":[{"href":"https:\/\/jms.com.bo\/mediamonitor\/wp-json\/wp\/v2\/posts\/53220","targetHints":{"allow":["GET"]}}],"collection":[{"href":"https:\/\/jms.com.bo\/mediamonitor\/wp-json\/wp\/v2\/posts"}],"about":[{"href":"https:\/\/jms.com.bo\/mediamonitor\/wp-json\/wp\/v2\/types\/post"}],"author":[{"embeddable":true,"href":"https:\/\/jms.com.bo\/mediamonitor\/wp-json\/wp\/v2\/users\/4"}],"replies":[{"embeddable":true,"href":"https:\/\/jms.com.bo\/mediamonitor\/wp-json\/wp\/v2\/comments?post=53220"}],"version-history":[{"count":0,"href":"https:\/\/jms.com.bo\/mediamonitor\/wp-json\/wp\/v2\/posts\/53220\/revisions"}],"wp:featuredmedia":[{"embeddable":true,"href":"https:\/\/jms.com.bo\/mediamonitor\/wp-json\/wp\/v2\/media\/53221"}],"wp:attachment":[{"href":"https:\/\/jms.com.bo\/mediamonitor\/wp-json\/wp\/v2\/media?parent=53220"}],"wp:term":[{"taxonomy":"category","embeddable":true,"href":"https:\/\/jms.com.bo\/mediamonitor\/wp-json\/wp\/v2\/categories?post=53220"},{"taxonomy":"post_tag","embeddable":true,"href":"https:\/\/jms.com.bo\/mediamonitor\/wp-json\/wp\/v2\/tags?post=53220"}],"curies":[{"name":"wp","href":"https:\/\/api.w.org\/{rel}","templated":true}]}}