{"id":53223,"date":"2023-06-30T06:29:00","date_gmt":"2023-06-30T10:29:00","guid":{"rendered":"https:\/\/jms.com.bo\/mediamonitor\/2023\/06\/30\/gobernador-confirma-la-feria-exposur-para-octubre-en-el-campo-ferial-de-san-jacinto\/"},"modified":"2023-06-30T06:29:00","modified_gmt":"2023-06-30T10:29:00","slug":"gobernador-confirma-la-feria-exposur-para-octubre-en-el-campo-ferial-de-san-jacinto","status":"publish","type":"post","link":"https:\/\/jms.com.bo\/mediamonitor\/2023\/06\/30\/gobernador-confirma-la-feria-exposur-para-octubre-en-el-campo-ferial-de-san-jacinto\/","title":{"rendered":"Gobernador confirma la feria Exposur para octubre en el campo ferial de San Jacinto"},"content":{"rendered":"<p style=\"text-align: justify;\">El gobernador de Tarija, \u00d3scar Montes, confirm\u00f3 que la feria Exposici\u00f3n del Sur (Exposur) se llevar\u00e1 a cabo del 12 al 22 de octubre pr\u00f3ximo en el campo ferial de San Jacinto, con el apoyo organizativo de la Fundaci\u00f3n Feicobol.<\/p>\n<p style=\"text-align: justify;\">Anoche se realiz\u00f3 el lanzamiento con la perspectiva de atraer a la mayor cantidad de empresas, a tres meses de la muestra que retoma la Gobernaci\u00f3n despu\u00e9s de casi ocho a\u00f1os.<\/p>\n<p style=\"text-align: justify;\">\u00abHay una enorme expectativa y la invitaci\u00f3n est\u00e1 abierta a las empresas de Tarija y del interior del pa\u00eds para que sean part\u00edcipes\u00bb, dijo Montes.<\/p>\n<p style=\"text-align: justify;\">La autoridad exhort\u00f3 a los dirigentes de la Federaci\u00f3n de Empresarios Privados y C\u00e1mara de Industria, Comercio y Servicios de Tarija (Caincotar) apoyar la Exposur despu\u00e9s de propalar el rechazo a su organizaci\u00f3n, a trav\u00e9s de un pronunciamiento.<\/p>\n<p style=\"text-align: justify;\">Seg\u00fan Montes, la Fundaci\u00f3n Feicobol no est\u00e1 cobrando en la organizaci\u00f3n de la feria.<\/p>\n<p style=\"text-align: justify;\">\u00abMientras m\u00e1s ferias se organicen mejor, nada nos obligan ni ata a realizar una sola feria y hay que darle m\u00e1s uso al campo ferial de San Jacinto. Los empresarios que se quejan tienen a su cargo la Fexpo que se debe organizar en abril y nos dejen tranquilos a nosotros con la Exposur, de eso se trata la reactivaci\u00f3n econ\u00f3mica\u00bb, expres\u00f3 Montes.<\/p>\n<p style=\"text-align: justify;\">La Gobernaci\u00f3n tarije\u00f1a y la Fundaci\u00f3n Feicobol unen sus esfuerzos organizativos para abrir Tarija inicialmente al pa\u00eds y despu\u00e9s a los pa\u00edses vecinos.<\/p>\n","protected":false},"excerpt":{"rendered":"<p>El gobernador de Tarija, \u00d3scar Montes, confirm\u00f3 que la feria Exposici\u00f3n del Sur (Exposur) se llevar\u00e1 a cabo del 12 al 22 de octubre pr\u00f3ximo en el campo ferial de San Jacinto, con el apoyo organizativo de la Fundaci\u00f3n Feicobol. Anoche se realiz\u00f3 el lanzamiento con la perspectiva de atraer a la mayor cantidad de [&hellip;]<\/p>\n","protected":false},"author":4,"featured_media":53224,"comment_status":"open","ping_status":"closed","sticky":false,"template":"","format":"standard","meta":{"footnotes":""},"categories":[20],"tags":[],"class_list":{"0":"post-53223","1":"post","2":"type-post","3":"status-publish","4":"format-standard","5":"has-post-thumbnail","7":"category-actualidad"},"_links":{"self":[{"href":"https:\/\/jms.com.bo\/mediamonitor\/wp-json\/wp\/v2\/posts\/53223","targetHints":{"allow":["GET"]}}],"collection":[{"href":"https:\/\/jms.com.bo\/mediamonitor\/wp-json\/wp\/v2\/posts"}],"about":[{"href":"https:\/\/jms.com.bo\/mediamonitor\/wp-json\/wp\/v2\/types\/post"}],"author":[{"embeddable":true,"href":"https:\/\/jms.com.bo\/mediamonitor\/wp-json\/wp\/v2\/users\/4"}],"replies":[{"embeddable":true,"href":"https:\/\/jms.com.bo\/mediamonitor\/wp-json\/wp\/v2\/comments?post=53223"}],"version-history":[{"count":0,"href":"https:\/\/jms.com.bo\/mediamonitor\/wp-json\/wp\/v2\/posts\/53223\/revisions"}],"wp:featuredmedia":[{"embeddable":true,"href":"https:\/\/jms.com.bo\/mediamonitor\/wp-json\/wp\/v2\/media\/53224"}],"wp:attachment":[{"href":"https:\/\/jms.com.bo\/mediamonitor\/wp-json\/wp\/v2\/media?parent=53223"}],"wp:term":[{"taxonomy":"category","embeddable":true,"href":"https:\/\/jms.com.bo\/mediamonitor\/wp-json\/wp\/v2\/categories?post=53223"},{"taxonomy":"post_tag","embeddable":true,"href":"https:\/\/jms.com.bo\/mediamonitor\/wp-json\/wp\/v2\/tags?post=53223"}],"curies":[{"name":"wp","href":"https:\/\/api.w.org\/{rel}","templated":true}]}}