{"id":53225,"date":"2023-06-30T06:31:05","date_gmt":"2023-06-30T10:31:05","guid":{"rendered":"https:\/\/jms.com.bo\/mediamonitor\/2023\/06\/30\/fin-del-camino-carta-a-los-lectores-de-pagina-siete\/"},"modified":"2023-06-30T06:31:05","modified_gmt":"2023-06-30T10:31:05","slug":"fin-del-camino-carta-a-los-lectores-de-pagina-siete","status":"publish","type":"post","link":"https:\/\/jms.com.bo\/mediamonitor\/2023\/06\/30\/fin-del-camino-carta-a-los-lectores-de-pagina-siete\/","title":{"rendered":"Fin del camino. Carta a los lectores de P\u00e1gina Siete"},"content":{"rendered":"<p style=\"text-align: justify;\">Despu\u00e9s de 13 a\u00f1os de periodismo independiente al servicio de la sociedad y la democracia, P\u00e1gina Siete publica hoy su \u00faltima edici\u00f3n. La explicaci\u00f3n es tan simple como dolorosa: nuestros gastos son superiores a los ingresos y despu\u00e9s de agotar todas las instancias para conseguir capital de trabajo, nos quedamos sin recursos econ\u00f3micos para seguir operando.<\/p>\n<p style=\"text-align: justify;\">Una combinaci\u00f3n de circunstancias adversas cre\u00f3 lo que podr\u00edamos calificar como una tormenta perfecta, que nos llev\u00f3 a esta situaci\u00f3n:<\/p>\n<p style=\"text-align: justify;\">\u2022 El partido de Gobierno bloque\u00f3 sistem\u00e1ticamente la pauta publicitaria para el peri\u00f3dico, pese a que ella se financia con recursos de todos los bolivianos. Incluso presion\u00f3 a empresas privadas del sistema financiero para que no publiquen sus avisos en P\u00e1gina Siete.<\/p>\n<p style=\"text-align: justify;\">\u2022 El oficialismo puso en marcha una estructura de hostigamiento p\u00fablico por redes sociales contra el peri\u00f3dico que hasta hoy est\u00e1 impune.<\/p>\n<p style=\"text-align: justify;\">\u2022 Auditor\u00edas y multas recurrentes de una diversidad de instituciones del Estado se ensa\u00f1aron a\u00f1o tras a\u00f1o contra P\u00e1gina Siete, mientras nuestros competidores de l\u00ednea oficialista fueron tratados con guante blanco.<\/p>\n<p style=\"text-align: justify;\">\u2022 El acoso judicial infundado deriv\u00f3 en el bloqueo de mis cuentas bancarias y el embargo de mis bienes, lo que limit\u00f3 mi capacidad de acci\u00f3n.<\/p>\n<p style=\"text-align: justify;\">Aparte del acoso del poder contra este diario independiente, existen otras razones que obligan a su cierre:<\/p>\n<p style=\"text-align: justify;\">\u2022 La pandemia de COVID cambi\u00f3 los h\u00e1bitos de lectura de noticias de la gente, generando una fuerte ca\u00edda en la venta de peri\u00f3dicos impresos, lo que disminuy\u00f3 nuestros ingresos.<\/p>\n<p style=\"text-align: justify;\">\u2022 La crisis econ\u00f3mica del pa\u00eds redujo el presupuesto publicitario de muchas empresas, lo que redujo el flujo financiero del peri\u00f3dico.<\/p>\n<p style=\"text-align: justify;\">\u2022 Y, para colmo, el precio internacional del papel y otros insumos de impresi\u00f3n se increment\u00f3 por efecto de la guerra en Ucrania.<\/p>\n<p style=\"text-align: justify;\">\u2022 Si bien P\u00e1gina Siete apost\u00f3 este a\u00f1o a la captaci\u00f3n de suscriptores digitales, su crecimiento result\u00f3 m\u00e1s lento de lo esperado.<\/p>\n<p style=\"text-align: justify;\">La lista podr\u00eda continuar, pero con lo dicho queda claro que estamos ante un callej\u00f3n sin salida.<\/p>\n<p style=\"text-align: justify;\">Frente a esta dif\u00edcil situaci\u00f3n, los accionistas de la empresa efectuamos importantes aportes de capital, hasta el l\u00edmite de nuestra capacidad, durante los \u00faltimos a\u00f1os. Yo mismo recurr\u00ed a cr\u00e9ditos personales en la banca para cubrir gastos esenciales, como el pago de aguinaldos y otros.<\/p>\n<p style=\"text-align: justify;\">Recientemente, intentamos conseguir una capitalizaci\u00f3n importante que nos hubiera permitido salir adelante, pero a \u00faltimo momento los inversores dieron un paso al costado por temor a represalias pol\u00edticas.<\/p>\n<p style=\"text-align: justify;\">Por todo lo expuesto, hemos decidido suspender la publicaci\u00f3n de P\u00e1gina Siete desde hoy. En adelante, se seguir\u00e1 estrictamente el procedimiento establecido por el C\u00f3digo de Comercio y la normativa legal aplicable para estos casos, el cual otorga prioridad al pago de sueldos adeudados y beneficios sociales de nuestros trabajadores, a quienes agradecemos por su compromiso y resistencia.<\/p>\n<p style=\"text-align: justify;\">De todo coraz\u00f3n, agradezco a nuestros lectores por la confianza recibida durante todos estos a\u00f1os. Cada uno de ustedes ha hecho de P\u00e1gina Siete una marca fuerte e influyente, aunque inc\u00f3moda para el poder.<\/p>\n<p style=\"text-align: justify;\">Este es un momento duro que me llena de tristeza y angustia porque soy consciente de que el periodismo independiente y la democracia pierden un aliado importante.<\/p>\n<p style=\"text-align: justify;\">Lastimosamente, esta es una decisi\u00f3n responsable que no pod\u00eda dejar de tomar.<\/p>\n<p style=\"text-align: justify;\">Atentamente,<\/p>\n<p style=\"text-align: justify;\">Ra\u00fal Gar\u00e1fulic Lehm<\/p>\n<p style=\"text-align: justify;\">Presidente del directorio de P\u00e1gina Siete 2010-2023<\/p>\n","protected":false},"excerpt":{"rendered":"<p>Despu\u00e9s de 13 a\u00f1os de periodismo independiente al servicio de la sociedad y la democracia, P\u00e1gina Siete publica hoy su \u00faltima edici\u00f3n. La explicaci\u00f3n es tan simple como dolorosa: nuestros gastos son superiores a los ingresos y despu\u00e9s de agotar todas las instancias para conseguir capital de trabajo, nos quedamos sin recursos econ\u00f3micos para seguir [&hellip;]<\/p>\n","protected":false},"author":4,"featured_media":53226,"comment_status":"open","ping_status":"closed","sticky":false,"template":"","format":"standard","meta":{"footnotes":""},"categories":[20],"tags":[],"class_list":{"0":"post-53225","1":"post","2":"type-post","3":"status-publish","4":"format-standard","5":"has-post-thumbnail","7":"category-actualidad"},"_links":{"self":[{"href":"https:\/\/jms.com.bo\/mediamonitor\/wp-json\/wp\/v2\/posts\/53225","targetHints":{"allow":["GET"]}}],"collection":[{"href":"https:\/\/jms.com.bo\/mediamonitor\/wp-json\/wp\/v2\/posts"}],"about":[{"href":"https:\/\/jms.com.bo\/mediamonitor\/wp-json\/wp\/v2\/types\/post"}],"author":[{"embeddable":true,"href":"https:\/\/jms.com.bo\/mediamonitor\/wp-json\/wp\/v2\/users\/4"}],"replies":[{"embeddable":true,"href":"https:\/\/jms.com.bo\/mediamonitor\/wp-json\/wp\/v2\/comments?post=53225"}],"version-history":[{"count":0,"href":"https:\/\/jms.com.bo\/mediamonitor\/wp-json\/wp\/v2\/posts\/53225\/revisions"}],"wp:featuredmedia":[{"embeddable":true,"href":"https:\/\/jms.com.bo\/mediamonitor\/wp-json\/wp\/v2\/media\/53226"}],"wp:attachment":[{"href":"https:\/\/jms.com.bo\/mediamonitor\/wp-json\/wp\/v2\/media?parent=53225"}],"wp:term":[{"taxonomy":"category","embeddable":true,"href":"https:\/\/jms.com.bo\/mediamonitor\/wp-json\/wp\/v2\/categories?post=53225"},{"taxonomy":"post_tag","embeddable":true,"href":"https:\/\/jms.com.bo\/mediamonitor\/wp-json\/wp\/v2\/tags?post=53225"}],"curies":[{"name":"wp","href":"https:\/\/api.w.org\/{rel}","templated":true}]}}