{"id":53227,"date":"2023-06-30T06:32:44","date_gmt":"2023-06-30T10:32:44","guid":{"rendered":"https:\/\/jms.com.bo\/mediamonitor\/2023\/06\/30\/derrame-de-aceite-en-la-laguna-corani-genera-preocupacion-y-tecnicos-investigan-impacto\/"},"modified":"2023-06-30T06:32:44","modified_gmt":"2023-06-30T10:32:44","slug":"derrame-de-aceite-en-la-laguna-corani-genera-preocupacion-y-tecnicos-investigan-impacto","status":"publish","type":"post","link":"https:\/\/jms.com.bo\/mediamonitor\/2023\/06\/30\/derrame-de-aceite-en-la-laguna-corani-genera-preocupacion-y-tecnicos-investigan-impacto\/","title":{"rendered":"Derrame de aceite en la laguna Corani genera preocupaci\u00f3n y t\u00e9cnicos investigan impacto"},"content":{"rendered":"<p style=\"text-align: justify;\">Tras reportarse la presencia de aceite en la laguna Corani, t\u00e9cnicos de la Gobernaci\u00f3n, de ENDE y del municipio de Colomi realizan este jueves una inspecci\u00f3n a la zona para verificar la afectaci\u00f3n al agua, suelo y animales.<\/p>\n<p style=\"text-align: justify;\">El 27 de junio, cerca al puente Colomi, un cami\u00f3n cisterna se embarranc\u00f3 y el aceite que transportaba se esparci\u00f3 llegando al espejo de agua, seg\u00fan reporte de medios locales.<\/p>\n<p style=\"text-align: justify;\">En un recorrido realizado por Los Tiempos se evidenci\u00f3 el rastro del aceite en el sector y el notorio olor. A la inspecci\u00f3n se sumaron t\u00e9cnicos de ENDE<\/p>\n","protected":false},"excerpt":{"rendered":"<p>Tras reportarse la presencia de aceite en la laguna Corani, t\u00e9cnicos de la Gobernaci\u00f3n, de ENDE y del municipio de Colomi realizan este jueves una inspecci\u00f3n a la zona para verificar la afectaci\u00f3n al agua, suelo y animales. El 27 de junio, cerca al puente Colomi, un cami\u00f3n cisterna se embarranc\u00f3 y el aceite que [&hellip;]<\/p>\n","protected":false},"author":4,"featured_media":53228,"comment_status":"open","ping_status":"closed","sticky":false,"template":"","format":"standard","meta":{"footnotes":""},"categories":[20,47,48],"tags":[],"class_list":{"0":"post-53227","1":"post","2":"type-post","3":"status-publish","4":"format-standard","5":"has-post-thumbnail","7":"category-actualidad","8":"category-portada-actualidad","9":"category-portada-general-sitio"},"_links":{"self":[{"href":"https:\/\/jms.com.bo\/mediamonitor\/wp-json\/wp\/v2\/posts\/53227","targetHints":{"allow":["GET"]}}],"collection":[{"href":"https:\/\/jms.com.bo\/mediamonitor\/wp-json\/wp\/v2\/posts"}],"about":[{"href":"https:\/\/jms.com.bo\/mediamonitor\/wp-json\/wp\/v2\/types\/post"}],"author":[{"embeddable":true,"href":"https:\/\/jms.com.bo\/mediamonitor\/wp-json\/wp\/v2\/users\/4"}],"replies":[{"embeddable":true,"href":"https:\/\/jms.com.bo\/mediamonitor\/wp-json\/wp\/v2\/comments?post=53227"}],"version-history":[{"count":0,"href":"https:\/\/jms.com.bo\/mediamonitor\/wp-json\/wp\/v2\/posts\/53227\/revisions"}],"wp:featuredmedia":[{"embeddable":true,"href":"https:\/\/jms.com.bo\/mediamonitor\/wp-json\/wp\/v2\/media\/53228"}],"wp:attachment":[{"href":"https:\/\/jms.com.bo\/mediamonitor\/wp-json\/wp\/v2\/media?parent=53227"}],"wp:term":[{"taxonomy":"category","embeddable":true,"href":"https:\/\/jms.com.bo\/mediamonitor\/wp-json\/wp\/v2\/categories?post=53227"},{"taxonomy":"post_tag","embeddable":true,"href":"https:\/\/jms.com.bo\/mediamonitor\/wp-json\/wp\/v2\/tags?post=53227"}],"curies":[{"name":"wp","href":"https:\/\/api.w.org\/{rel}","templated":true}]}}