{"id":53229,"date":"2023-06-30T06:34:09","date_gmt":"2023-06-30T10:34:09","guid":{"rendered":"https:\/\/jms.com.bo\/mediamonitor\/2023\/06\/30\/el-consejo-nacional-de-autonomias-se-reunira-el-6-de-julio-para-analizar-el-proceso-precensal\/"},"modified":"2023-06-30T06:34:09","modified_gmt":"2023-06-30T10:34:09","slug":"el-consejo-nacional-de-autonomias-se-reunira-el-6-de-julio-para-analizar-el-proceso-precensal","status":"publish","type":"post","link":"https:\/\/jms.com.bo\/mediamonitor\/2023\/06\/30\/el-consejo-nacional-de-autonomias-se-reunira-el-6-de-julio-para-analizar-el-proceso-precensal\/","title":{"rendered":"El Consejo Nacional de Autonom\u00edas se reunir\u00e1 el 6 de julio para analizar el proceso precensal"},"content":{"rendered":"<p style=\"text-align: justify;\">El Consejo Nacional de Autonom\u00edas se reunir\u00e1 el 6 de julio en La Paz para analizar exclusivamente el proceso precensal que lleva adelante el Instituto Nacional de Estad\u00edsticas (INE), rumbo al Censo 2024.<\/p>\n<p style=\"text-align: justify;\">El director de la Federaci\u00f3n de Asociaciones Municipales (FAM Bolivia), Rodrigo Puerta, confirm\u00f3 que recibieron la invitaci\u00f3n del presidente Luis Arce. Ser\u00e1 la primera reuni\u00f3n del Consejo en 2023.<\/p>\n<p style=\"text-align: justify;\">En la cita participar\u00e1n autoridades del Gobierno, los gobernadores de los nueve departamentos y representantes del sistema asociativo municipal, pueblos ind\u00edgenas y de la regi\u00f3n del Chaco.<\/p>\n<p style=\"text-align: justify;\">\u201cLa primera reuni\u00f3n de este a\u00f1o es para tratar espec\u00edficamente el avance del proceso censal y determinar acciones\u201d, dijo Puertas.<\/p>\n<p style=\"text-align: justify;\">Explic\u00f3 que los municipios de todo el pa\u00eds trabajaron a la par con el INE para ayudar con la Actualizaci\u00f3n Estad\u00edstica Cartogr\u00e1fica, que est\u00e1 en su etapa final.<\/p>\n<p style=\"text-align: justify;\">De acuerdo con la Ley Marco de Autonom\u00edas y Descentralizaci\u00f3n, el Consejo Nacional de Autonom\u00edas es una instancia permanente de coordinaci\u00f3n, consulta, deliberaci\u00f3n; adem\u00e1s, de proposici\u00f3n y concertaci\u00f3n entre el Gobierno y las entidades territoriales aut\u00f3nomas.<\/p>\n","protected":false},"excerpt":{"rendered":"<p>El Consejo Nacional de Autonom\u00edas se reunir\u00e1 el 6 de julio en La Paz para analizar exclusivamente el proceso precensal que lleva adelante el Instituto Nacional de Estad\u00edsticas (INE), rumbo al Censo 2024. El director de la Federaci\u00f3n de Asociaciones Municipales (FAM Bolivia), Rodrigo Puerta, confirm\u00f3 que recibieron la invitaci\u00f3n del presidente Luis Arce. Ser\u00e1 [&hellip;]<\/p>\n","protected":false},"author":4,"featured_media":53230,"comment_status":"open","ping_status":"closed","sticky":false,"template":"","format":"standard","meta":{"footnotes":""},"categories":[18],"tags":[],"class_list":{"0":"post-53229","1":"post","2":"type-post","3":"status-publish","4":"format-standard","5":"has-post-thumbnail","7":"category-politica"},"_links":{"self":[{"href":"https:\/\/jms.com.bo\/mediamonitor\/wp-json\/wp\/v2\/posts\/53229","targetHints":{"allow":["GET"]}}],"collection":[{"href":"https:\/\/jms.com.bo\/mediamonitor\/wp-json\/wp\/v2\/posts"}],"about":[{"href":"https:\/\/jms.com.bo\/mediamonitor\/wp-json\/wp\/v2\/types\/post"}],"author":[{"embeddable":true,"href":"https:\/\/jms.com.bo\/mediamonitor\/wp-json\/wp\/v2\/users\/4"}],"replies":[{"embeddable":true,"href":"https:\/\/jms.com.bo\/mediamonitor\/wp-json\/wp\/v2\/comments?post=53229"}],"version-history":[{"count":0,"href":"https:\/\/jms.com.bo\/mediamonitor\/wp-json\/wp\/v2\/posts\/53229\/revisions"}],"wp:featuredmedia":[{"embeddable":true,"href":"https:\/\/jms.com.bo\/mediamonitor\/wp-json\/wp\/v2\/media\/53230"}],"wp:attachment":[{"href":"https:\/\/jms.com.bo\/mediamonitor\/wp-json\/wp\/v2\/media?parent=53229"}],"wp:term":[{"taxonomy":"category","embeddable":true,"href":"https:\/\/jms.com.bo\/mediamonitor\/wp-json\/wp\/v2\/categories?post=53229"},{"taxonomy":"post_tag","embeddable":true,"href":"https:\/\/jms.com.bo\/mediamonitor\/wp-json\/wp\/v2\/tags?post=53229"}],"curies":[{"name":"wp","href":"https:\/\/api.w.org\/{rel}","templated":true}]}}