{"id":53231,"date":"2023-06-30T06:35:52","date_gmt":"2023-06-30T10:35:52","guid":{"rendered":"https:\/\/jms.com.bo\/mediamonitor\/2023\/06\/30\/la-fiscalia-emite-cinco-edictos-por-el-caso-golpe-i-contra-exautoridades-en-el-gobierno-de-anez\/"},"modified":"2023-06-30T06:35:52","modified_gmt":"2023-06-30T10:35:52","slug":"la-fiscalia-emite-cinco-edictos-por-el-caso-golpe-i-contra-exautoridades-en-el-gobierno-de-anez","status":"publish","type":"post","link":"https:\/\/jms.com.bo\/mediamonitor\/2023\/06\/30\/la-fiscalia-emite-cinco-edictos-por-el-caso-golpe-i-contra-exautoridades-en-el-gobierno-de-anez\/","title":{"rendered":"La Fiscal\u00eda emite cinco edictos por el caso Golpe I contra exautoridades en el gobierno de \u00c1\u00f1ez"},"content":{"rendered":"<p style=\"text-align: justify;\">La Fiscal\u00eda notific\u00f3 por edictos a un exministro y cuatro exautoridades militares y policiales en el gobierno transitorio de Jeanine \u00c1\u00f1ez, por el caso Golpe de Estado I. .<\/p>\n<p style=\"text-align: justify;\">Son Luis Fernando L\u00f3pez, exministro de Defensa; el excomandante policial Yuri Calder\u00f3n, los excomandantes militares Williams Kaliman y Sergio Orellana; y Jorge Fern\u00e1ndez, exinspector general de las Fuerzas Armadas.<\/p>\n<p style=\"text-align: justify;\">De acuerdo con los edictos del 27 de junio, en el plazo de 10 d\u00edas se deben de presentar ante la comisi\u00f3n de fiscales, sindicados por asociaci\u00f3n delictuosa, en instalaciones del Ministerio P\u00fablico de La Paz.<\/p>\n<p style=\"text-align: justify;\">El caso Golpe de Estado I fue activado en 2020 por la exdiputada Lidia Patty, del Movimiento Al Socialismo (MAS), investiga el derrocamiento del presidente Evo Morales, el 10 de noviembre de 2019.<\/p>\n<p style=\"text-align: justify;\">Dos d\u00edas despu\u00e9s, la senadora opositora Jeanine \u00c1\u00f1ez tom\u00f3 el poder en una pol\u00e9mica sesi\u00f3n. Ella est\u00e1 en la c\u00e1rcel, tiene una sentencia, en primera instancia, de 10 a\u00f1os de encierro, en el caso Golpe de Estado II. Seg\u00fan la Fiscal\u00eda, asumi\u00f3 como presidenta sin el qu\u00f3rum de la Asamblea y vulnerando el reglamento de debates del Senado.<\/p>\n<p style=\"text-align: justify;\">El abogado de Patty, Jorge Nina, seg\u00fan agencia ABI, pidi\u00f3 que los convocados por edictos sean juzgados en rebeld\u00eda por estar pr\u00f3fugos de la Justicia.<\/p>\n<p style=\"text-align: justify;\">\u201cLo que corresponde es que se pida que los declare rebeldes, estamos en esa instancia, estamos apuntando a que este caso pueda culminar con un requerimiento conclusivo\u201d.<\/p>\n<p style=\"text-align: justify;\">El principal acusado del caso Golpe de Estado I es el actual gobernador cruce\u00f1o Luis Fernando Camacho, quien est\u00e1 con detenci\u00f3n preventiva en el penal pace\u00f1o de Chonchocoro.<\/p>\n<p style=\"text-align: justify;\">En 2019, Camacho era presidente del comit\u00e9 c\u00edvico cruce\u00f1o y lider\u00f3 las protestas contra Morales, tras denuncias de un fraude electoral. Adem\u00e1s, el l\u00edder cocalero renunci\u00f3 a la presidencia asfixiado por un mot\u00edn policial y la presi\u00f3n de las Fuerzas Armadas.<\/p>\n","protected":false},"excerpt":{"rendered":"<p>La Fiscal\u00eda notific\u00f3 por edictos a un exministro y cuatro exautoridades militares y policiales en el gobierno transitorio de Jeanine \u00c1\u00f1ez, por el caso Golpe de Estado I. . Son Luis Fernando L\u00f3pez, exministro de Defensa; el excomandante policial Yuri Calder\u00f3n, los excomandantes militares Williams Kaliman y Sergio Orellana; y Jorge Fern\u00e1ndez, exinspector general de [&hellip;]<\/p>\n","protected":false},"author":4,"featured_media":53232,"comment_status":"open","ping_status":"closed","sticky":false,"template":"","format":"standard","meta":{"footnotes":""},"categories":[18],"tags":[],"class_list":{"0":"post-53231","1":"post","2":"type-post","3":"status-publish","4":"format-standard","5":"has-post-thumbnail","7":"category-politica"},"_links":{"self":[{"href":"https:\/\/jms.com.bo\/mediamonitor\/wp-json\/wp\/v2\/posts\/53231","targetHints":{"allow":["GET"]}}],"collection":[{"href":"https:\/\/jms.com.bo\/mediamonitor\/wp-json\/wp\/v2\/posts"}],"about":[{"href":"https:\/\/jms.com.bo\/mediamonitor\/wp-json\/wp\/v2\/types\/post"}],"author":[{"embeddable":true,"href":"https:\/\/jms.com.bo\/mediamonitor\/wp-json\/wp\/v2\/users\/4"}],"replies":[{"embeddable":true,"href":"https:\/\/jms.com.bo\/mediamonitor\/wp-json\/wp\/v2\/comments?post=53231"}],"version-history":[{"count":0,"href":"https:\/\/jms.com.bo\/mediamonitor\/wp-json\/wp\/v2\/posts\/53231\/revisions"}],"wp:featuredmedia":[{"embeddable":true,"href":"https:\/\/jms.com.bo\/mediamonitor\/wp-json\/wp\/v2\/media\/53232"}],"wp:attachment":[{"href":"https:\/\/jms.com.bo\/mediamonitor\/wp-json\/wp\/v2\/media?parent=53231"}],"wp:term":[{"taxonomy":"category","embeddable":true,"href":"https:\/\/jms.com.bo\/mediamonitor\/wp-json\/wp\/v2\/categories?post=53231"},{"taxonomy":"post_tag","embeddable":true,"href":"https:\/\/jms.com.bo\/mediamonitor\/wp-json\/wp\/v2\/tags?post=53231"}],"curies":[{"name":"wp","href":"https:\/\/api.w.org\/{rel}","templated":true}]}}