{"id":53504,"date":"2023-07-05T06:55:06","date_gmt":"2023-07-05T10:55:06","guid":{"rendered":"https:\/\/jms.com.bo\/mediamonitor\/2023\/07\/05\/presentan-feria-gastronomica-productiva-hecho-en-bolivia\/"},"modified":"2023-07-05T06:55:06","modified_gmt":"2023-07-05T10:55:06","slug":"presentan-feria-gastronomica-productiva-hecho-en-bolivia","status":"publish","type":"post","link":"https:\/\/jms.com.bo\/mediamonitor\/2023\/07\/05\/presentan-feria-gastronomica-productiva-hecho-en-bolivia\/","title":{"rendered":"Presentan feria gastron\u00f3mica, productiva \u00abHecho en Bolivia\u00bb"},"content":{"rendered":"<p style=\"text-align: justify;\">Con el objetivo de finalizar en mercado pace\u00f1o, presentaron la feria artesanal gastron\u00f3mica e industrial a realizarse en la plaza Villarroel y busca generar un movimiento econ\u00f3mico de medio mill\u00f3n de bolivianos, durante los tres d\u00edas.<\/p>\n<p style=\"text-align: justify;\">M\u00e1s de 200 unidades productivas participar\u00e1n en la Feria Productiva, Industrial y Gastron\u00f3mica \u00abHecho en Bolivia\u00bb, que se desarrollar\u00e1 desde el viernes hasta el domingo 9 de julio en la plaza Villarroel de la ciudad de La Paz, inform\u00f3 el viceministro de Comercio y Log\u00edstica Interna, Gr\u00f3ver Lacoa.<\/p>\n<p style=\"text-align: justify;\">\u201cLos hermanos productores no han querido quedarse indiferentes ante el aniversario de las fiestas Julias, en virtud a ello el viernes, s\u00e1bado y domingo vamos a tener la participaci\u00f3n de 200 productores, 30 productores gastron\u00f3micos, para que puedan exponer y puedan mostrar la producci\u00f3n boliviana a la poblaci\u00f3n\u201d, dijo la autoridad.<\/p>\n<p style=\"text-align: justify;\">El viceministro Lacoa indic\u00f3 que en la feria participar\u00e1n expositores de los rubros de alimentos, textil y cuero, entre otros, quienes comercializar\u00e1n productos nacionales con el sello: \u00abHecho en Bolivia\u00bb, a precios accesibles, adem\u00e1s se tendr\u00e1 la participaci\u00f3n de grupos musicales para amenizar las jornadas feriales.<\/p>\n<p style=\"text-align: justify;\">\u201cVamos a exponer la producci\u00f3n de todos los productores nacionales (\u2026). Aproximadamente prevemos que se mueven medio mill\u00f3n de bolivianos en 200 productores\u201d, apunt\u00f3.<\/p>\n<p style=\"text-align: justify;\">Adelant\u00f3 que durante la presente gesti\u00f3n se prev\u00e9n desarrollar una serie de ferias en La Paz y tambi\u00e9n en otros departamentos como Santa Cruz, Cochabamba y Oruro, entre otras regiones.<\/p>\n<p style=\"text-align: justify;\">Por su parte, la viceministra de Turismo, Eliana Ampuero, destac\u00f3 que en la feria participar\u00e1n expositores del sector gastron\u00f3mico que mostrar\u00e1n el potencial culinario de los platos t\u00edpicos de diferentes regiones del pa\u00eds.<\/p>\n<p style=\"text-align: justify;\">\u201cTenemos la participaci\u00f3n del sector productivo, del sector industrial del sector gastron\u00f3mico que tambi\u00e9n es una muestra en lo que se refiere el turismo, es importante en la actividad tur\u00edstica, tambi\u00e9n en la feria algunos operadores de turismo van a poder ofrecer sus servicios tur\u00edsticos a la poblaci\u00f3n. Hacemos una extensiva invitaci\u00f3n para que participen con nosotros en inmediaciones de la plaza Villarroel\u201d, apunt\u00f3.<\/p>\n","protected":false},"excerpt":{"rendered":"<p>Con el objetivo de finalizar en mercado pace\u00f1o, presentaron la feria artesanal gastron\u00f3mica e industrial a realizarse en la plaza Villarroel y busca generar un movimiento econ\u00f3mico de medio mill\u00f3n de bolivianos, durante los tres d\u00edas. M\u00e1s de 200 unidades productivas participar\u00e1n en la Feria Productiva, Industrial y Gastron\u00f3mica \u00abHecho en Bolivia\u00bb, que se desarrollar\u00e1 [&hellip;]<\/p>\n","protected":false},"author":4,"featured_media":0,"comment_status":"open","ping_status":"closed","sticky":false,"template":"","format":"standard","meta":{"footnotes":""},"categories":[52],"tags":[],"class_list":{"0":"post-53504","1":"post","2":"type-post","3":"status-publish","4":"format-standard","6":"category-alimentos-agroindustria"},"_links":{"self":[{"href":"https:\/\/jms.com.bo\/mediamonitor\/wp-json\/wp\/v2\/posts\/53504","targetHints":{"allow":["GET"]}}],"collection":[{"href":"https:\/\/jms.com.bo\/mediamonitor\/wp-json\/wp\/v2\/posts"}],"about":[{"href":"https:\/\/jms.com.bo\/mediamonitor\/wp-json\/wp\/v2\/types\/post"}],"author":[{"embeddable":true,"href":"https:\/\/jms.com.bo\/mediamonitor\/wp-json\/wp\/v2\/users\/4"}],"replies":[{"embeddable":true,"href":"https:\/\/jms.com.bo\/mediamonitor\/wp-json\/wp\/v2\/comments?post=53504"}],"version-history":[{"count":0,"href":"https:\/\/jms.com.bo\/mediamonitor\/wp-json\/wp\/v2\/posts\/53504\/revisions"}],"wp:attachment":[{"href":"https:\/\/jms.com.bo\/mediamonitor\/wp-json\/wp\/v2\/media?parent=53504"}],"wp:term":[{"taxonomy":"category","embeddable":true,"href":"https:\/\/jms.com.bo\/mediamonitor\/wp-json\/wp\/v2\/categories?post=53504"},{"taxonomy":"post_tag","embeddable":true,"href":"https:\/\/jms.com.bo\/mediamonitor\/wp-json\/wp\/v2\/tags?post=53504"}],"curies":[{"name":"wp","href":"https:\/\/api.w.org\/{rel}","templated":true}]}}