{"id":53508,"date":"2023-07-05T06:59:25","date_gmt":"2023-07-05T10:59:25","guid":{"rendered":"https:\/\/jms.com.bo\/mediamonitor\/2023\/07\/05\/declaran-emergencia-contra-la-contaminacion-minera\/"},"modified":"2023-07-05T06:59:25","modified_gmt":"2023-07-05T10:59:25","slug":"declaran-emergencia-contra-la-contaminacion-minera","status":"publish","type":"post","link":"https:\/\/jms.com.bo\/mediamonitor\/2023\/07\/05\/declaran-emergencia-contra-la-contaminacion-minera\/","title":{"rendered":"Declaran emergencia contra la contaminaci\u00f3n minera"},"content":{"rendered":"<p style=\"text-align: justify;\">Ante pedidos de pueblos ind\u00edgenas y la constataci\u00f3n de que existen actividades de explotaci\u00f3n ilegales, la Asamblea Departamental de Pando se declar\u00f3 en emergencia en defensa de la Amazon\u00eda y de sus r\u00edos, ante la contaminaci\u00f3n minera.<\/p>\n<p style=\"text-align: justify;\">El asamble\u00edsta representante ind\u00edgena, Jim Medina, indic\u00f3 que se ha realizado una inspecci\u00f3n y se ha detectado a unas 700 balsas de explotaci\u00f3n minera, de las cuales el 80% no tendr\u00eda autorizaci\u00f3n.<\/p>\n<p style=\"text-align: justify;\">Record\u00f3 que una jueza suspendi\u00f3 por 30 d\u00edas el trabajo minero en el R\u00edo Madre de Dios, pero se ha constatado que se sigue realizando el trabajo de explotaci\u00f3n.<\/p>\n<p style=\"text-align: justify;\">Lament\u00f3 que ind\u00edgenas y campesinos est\u00e1n afectados por esta contaminaci\u00f3n, que llega a sectores donde se produce alimentos y hay sembrad\u00edos de pl\u00e1tano y yuca.<\/p>\n<p style=\"text-align: justify;\">Entre sus pedidos, la Asamblea Departamental pide que la Autoridad Jurisdiccional Administrativa Minera (AJAM) instale una oficina en la regi\u00f3n. Adem\u00e1s, solicita la implementaci\u00f3n de un centro de monitoreo y se conforme una brigada m\u00e9dica especializada con la finalidad de que se realicen diagn\u00f3sticos. (Cobija, Erbol).<\/p>\n","protected":false},"excerpt":{"rendered":"<p>Ante pedidos de pueblos ind\u00edgenas y la constataci\u00f3n de que existen actividades de explotaci\u00f3n ilegales, la Asamblea Departamental de Pando se declar\u00f3 en emergencia en defensa de la Amazon\u00eda y de sus r\u00edos, ante la contaminaci\u00f3n minera. El asamble\u00edsta representante ind\u00edgena, Jim Medina, indic\u00f3 que se ha realizado una inspecci\u00f3n y se ha detectado a [&hellip;]<\/p>\n","protected":false},"author":4,"featured_media":28801,"comment_status":"open","ping_status":"closed","sticky":false,"template":"","format":"standard","meta":{"footnotes":""},"categories":[49],"tags":[],"class_list":{"0":"post-53508","1":"post","2":"type-post","3":"status-publish","4":"format-standard","5":"has-post-thumbnail","7":"category-social"},"_links":{"self":[{"href":"https:\/\/jms.com.bo\/mediamonitor\/wp-json\/wp\/v2\/posts\/53508","targetHints":{"allow":["GET"]}}],"collection":[{"href":"https:\/\/jms.com.bo\/mediamonitor\/wp-json\/wp\/v2\/posts"}],"about":[{"href":"https:\/\/jms.com.bo\/mediamonitor\/wp-json\/wp\/v2\/types\/post"}],"author":[{"embeddable":true,"href":"https:\/\/jms.com.bo\/mediamonitor\/wp-json\/wp\/v2\/users\/4"}],"replies":[{"embeddable":true,"href":"https:\/\/jms.com.bo\/mediamonitor\/wp-json\/wp\/v2\/comments?post=53508"}],"version-history":[{"count":0,"href":"https:\/\/jms.com.bo\/mediamonitor\/wp-json\/wp\/v2\/posts\/53508\/revisions"}],"wp:featuredmedia":[{"embeddable":true,"href":"https:\/\/jms.com.bo\/mediamonitor\/wp-json\/wp\/v2\/media\/28801"}],"wp:attachment":[{"href":"https:\/\/jms.com.bo\/mediamonitor\/wp-json\/wp\/v2\/media?parent=53508"}],"wp:term":[{"taxonomy":"category","embeddable":true,"href":"https:\/\/jms.com.bo\/mediamonitor\/wp-json\/wp\/v2\/categories?post=53508"},{"taxonomy":"post_tag","embeddable":true,"href":"https:\/\/jms.com.bo\/mediamonitor\/wp-json\/wp\/v2\/tags?post=53508"}],"curies":[{"name":"wp","href":"https:\/\/api.w.org\/{rel}","templated":true}]}}