{"id":53509,"date":"2023-07-05T07:01:18","date_gmt":"2023-07-05T11:01:18","guid":{"rendered":"https:\/\/jms.com.bo\/mediamonitor\/2023\/07\/05\/trabajadores-de-la-cps-cumplen-paro-de-72-horas\/"},"modified":"2023-07-05T07:01:18","modified_gmt":"2023-07-05T11:01:18","slug":"trabajadores-de-la-cps-cumplen-paro-de-72-horas","status":"publish","type":"post","link":"https:\/\/jms.com.bo\/mediamonitor\/2023\/07\/05\/trabajadores-de-la-cps-cumplen-paro-de-72-horas\/","title":{"rendered":"Trabajadores de la CPS cumplen paro de 72 horas"},"content":{"rendered":"<p style=\"text-align: justify;\">Tras no hallar respuesta a sus peticiones y ante la exigencia de la destituci\u00f3n de su director nacional, trabajadores de la Caja Petrolera de Salud (CPS) iniciaron un paro de 72 horas y advirtieron que de continuar sin atenci\u00f3n, radicalizar\u00e1n sus medidas. Por otra parte, aseguran que contin\u00faa la atenci\u00f3n en Emergencias a los pacientes asegurados.<\/p>\n<p style=\"text-align: justify;\">\u201cLa tozudez del doctor (David) Mart\u00ednez, m\u00e1xima autoridad de la Caja Petrolera de Salud hace que volvamos a entrar en un paro de 72 horas, estamos ya siete d\u00edas de vigilia en puertas de la instituci\u00f3n, exponiendo nuestra salud para que mejore la atenci\u00f3n de los asegurados, lo \u00fanico que estamos pidiendo es medicamentos, insumos, \u00edtems, lamentablemente al doctor Mart\u00ednez no le interesan los asegurados\u201d, se\u00f1al\u00f3 el secretario general de los trabajadores de la CPS, Nelson Mamani.<\/p>\n<p style=\"text-align: justify;\">Reiter\u00f3 que ahora \u201cla lucha est\u00e1 en exigir la renuncia o destituci\u00f3n\u201d del doctor David Mart\u00ednez, director nacional; el doctor Miguel Delgado, administrador de la Departamental La Paz y el doctor Hans Arauco, director nacional de Salud, todos con altos cargos en la CPS.<\/p>\n<p style=\"text-align: justify;\">Mamani sostuvo que las protestas y m\u00edtines continuar\u00e1n hasta ser escuchados y recorrer\u00e1n movilizados, por turnos, durante estos d\u00edas, calles y avenidas c\u00e9ntricas pace\u00f1as.<\/p>\n<p style=\"text-align: justify;\">Por su parte, el tambi\u00e9n dirigente del sector, Richard Mallea, explic\u00f3 que son m\u00e1s de cuatro meses que no tienen alguna respuesta por parte del Ministerio de Salud y otras autoridades, a las que hicieron llegar cartas en las que los trabajadores exigen la destituci\u00f3n de esas tres autoridades, por el mal manejo de la instituci\u00f3n, falta de medicamentos, insumos, reposici\u00f3n de \u00edtems y otros, por lo que se vieron en la necesidad de realizar el paro.<\/p>\n<p style=\"text-align: justify;\">\u201cEstamos empezando un paro de 72 horas y lamentablemente vamos a perjudicar a nuestra poblaci\u00f3n asegurada, pero esto en la consulta. En hospital, emergencias, estamos atendiendo con toda normalidad, es m\u00e1s estamos reforzando las emergencias\u201d, sostuvo.<\/p>\n<p>&nbsp;<\/p>\n","protected":false},"excerpt":{"rendered":"<p>Tras no hallar respuesta a sus peticiones y ante la exigencia de la destituci\u00f3n de su director nacional, trabajadores de la Caja Petrolera de Salud (CPS) iniciaron un paro de 72 horas y advirtieron que de continuar sin atenci\u00f3n, radicalizar\u00e1n sus medidas. Por otra parte, aseguran que contin\u00faa la atenci\u00f3n en Emergencias a los pacientes [&hellip;]<\/p>\n","protected":false},"author":4,"featured_media":30342,"comment_status":"open","ping_status":"closed","sticky":false,"template":"","format":"standard","meta":{"footnotes":""},"categories":[49],"tags":[],"class_list":{"0":"post-53509","1":"post","2":"type-post","3":"status-publish","4":"format-standard","5":"has-post-thumbnail","7":"category-social"},"_links":{"self":[{"href":"https:\/\/jms.com.bo\/mediamonitor\/wp-json\/wp\/v2\/posts\/53509","targetHints":{"allow":["GET"]}}],"collection":[{"href":"https:\/\/jms.com.bo\/mediamonitor\/wp-json\/wp\/v2\/posts"}],"about":[{"href":"https:\/\/jms.com.bo\/mediamonitor\/wp-json\/wp\/v2\/types\/post"}],"author":[{"embeddable":true,"href":"https:\/\/jms.com.bo\/mediamonitor\/wp-json\/wp\/v2\/users\/4"}],"replies":[{"embeddable":true,"href":"https:\/\/jms.com.bo\/mediamonitor\/wp-json\/wp\/v2\/comments?post=53509"}],"version-history":[{"count":0,"href":"https:\/\/jms.com.bo\/mediamonitor\/wp-json\/wp\/v2\/posts\/53509\/revisions"}],"wp:featuredmedia":[{"embeddable":true,"href":"https:\/\/jms.com.bo\/mediamonitor\/wp-json\/wp\/v2\/media\/30342"}],"wp:attachment":[{"href":"https:\/\/jms.com.bo\/mediamonitor\/wp-json\/wp\/v2\/media?parent=53509"}],"wp:term":[{"taxonomy":"category","embeddable":true,"href":"https:\/\/jms.com.bo\/mediamonitor\/wp-json\/wp\/v2\/categories?post=53509"},{"taxonomy":"post_tag","embeddable":true,"href":"https:\/\/jms.com.bo\/mediamonitor\/wp-json\/wp\/v2\/tags?post=53509"}],"curies":[{"name":"wp","href":"https:\/\/api.w.org\/{rel}","templated":true}]}}