{"id":53510,"date":"2023-07-05T07:02:57","date_gmt":"2023-07-05T11:02:57","guid":{"rendered":"https:\/\/jms.com.bo\/mediamonitor\/2023\/07\/05\/bagayeros-cumplen-segundo-dia-de-bloqueo-del-puente-internacional-salvador-mazza-yacuiba\/"},"modified":"2023-07-05T07:02:57","modified_gmt":"2023-07-05T11:02:57","slug":"bagayeros-cumplen-segundo-dia-de-bloqueo-del-puente-internacional-salvador-mazza-yacuiba","status":"publish","type":"post","link":"https:\/\/jms.com.bo\/mediamonitor\/2023\/07\/05\/bagayeros-cumplen-segundo-dia-de-bloqueo-del-puente-internacional-salvador-mazza-yacuiba\/","title":{"rendered":"Bagayeros cumplen segundo d\u00eda de bloqueo del Puente Internacional Salvador Mazza \u2013 Yacuiba"},"content":{"rendered":"<p style=\"text-align: justify;\">Este martes 4 de julio se cumple el segundo d\u00eda de bloqueo en el puente internacional Salvador Mazza &#8211; Yacuiba que conecta Argentina con Bolivia, llevado a cabo por los bagayeros del lado argentino. Los movilizados exigen que la Aduana flexibilice los procesos de internaci\u00f3n de productos, asimismo denuncian presuntos abusos de Gendarmer\u00eda.<\/p>\n<p style=\"text-align: justify;\">El se\u00f1or \u00c1ngel Paniagua, m\u00e1ximo dirigente de los bagayeros, ha denunciado presuntos abusos y decomisos arbitrarios llevados a cabo por funcionarios de la instituci\u00f3n nacional en esta frontera. Estas acusaciones han generado preocupaci\u00f3n y malestar en la comunidad de comerciantes que dependen de esta v\u00eda de importaci\u00f3n y exportaci\u00f3n.<\/p>\n<p style=\"text-align: justify;\">El c\u00f3nsul de Bolivia en Argentina, Omar Valdiviezo, inform\u00f3 que ha sostenido una reuni\u00f3n con los movilizados y ha expresado su preocupaci\u00f3n por el perjuicio que este bloqueo representa para la poblaci\u00f3n, especialmente durante la temporada de vacaciones invernales, cuando muchas personas transitan por esta zona.<\/p>\n<p style=\"text-align: justify;\">Este bloqueo ha afectado el flujo normal de comercio y la circulaci\u00f3n de personas entre ambos pa\u00edses. Se espera que las autoridades competentes puedan mediar en este conflicto y encontrar una soluci\u00f3n que permita restablecer el tr\u00e1nsito y dar continuidad a las actividades comerciales en la zona fronteriza.<\/p>\n","protected":false},"excerpt":{"rendered":"<p>Este martes 4 de julio se cumple el segundo d\u00eda de bloqueo en el puente internacional Salvador Mazza &#8211; Yacuiba que conecta Argentina con Bolivia, llevado a cabo por los bagayeros del lado argentino. Los movilizados exigen que la Aduana flexibilice los procesos de internaci\u00f3n de productos, asimismo denuncian presuntos abusos de Gendarmer\u00eda. El se\u00f1or [&hellip;]<\/p>\n","protected":false},"author":4,"featured_media":53511,"comment_status":"open","ping_status":"closed","sticky":false,"template":"","format":"standard","meta":{"footnotes":""},"categories":[49],"tags":[],"class_list":{"0":"post-53510","1":"post","2":"type-post","3":"status-publish","4":"format-standard","5":"has-post-thumbnail","7":"category-social"},"_links":{"self":[{"href":"https:\/\/jms.com.bo\/mediamonitor\/wp-json\/wp\/v2\/posts\/53510","targetHints":{"allow":["GET"]}}],"collection":[{"href":"https:\/\/jms.com.bo\/mediamonitor\/wp-json\/wp\/v2\/posts"}],"about":[{"href":"https:\/\/jms.com.bo\/mediamonitor\/wp-json\/wp\/v2\/types\/post"}],"author":[{"embeddable":true,"href":"https:\/\/jms.com.bo\/mediamonitor\/wp-json\/wp\/v2\/users\/4"}],"replies":[{"embeddable":true,"href":"https:\/\/jms.com.bo\/mediamonitor\/wp-json\/wp\/v2\/comments?post=53510"}],"version-history":[{"count":0,"href":"https:\/\/jms.com.bo\/mediamonitor\/wp-json\/wp\/v2\/posts\/53510\/revisions"}],"wp:featuredmedia":[{"embeddable":true,"href":"https:\/\/jms.com.bo\/mediamonitor\/wp-json\/wp\/v2\/media\/53511"}],"wp:attachment":[{"href":"https:\/\/jms.com.bo\/mediamonitor\/wp-json\/wp\/v2\/media?parent=53510"}],"wp:term":[{"taxonomy":"category","embeddable":true,"href":"https:\/\/jms.com.bo\/mediamonitor\/wp-json\/wp\/v2\/categories?post=53510"},{"taxonomy":"post_tag","embeddable":true,"href":"https:\/\/jms.com.bo\/mediamonitor\/wp-json\/wp\/v2\/tags?post=53510"}],"curies":[{"name":"wp","href":"https:\/\/api.w.org\/{rel}","templated":true}]}}