{"id":53512,"date":"2023-07-05T07:04:33","date_gmt":"2023-07-05T11:04:33","guid":{"rendered":"https:\/\/jms.com.bo\/mediamonitor\/2023\/07\/05\/trabajo-de-gestora-se-pone-en-duda-tras-denuncia-de-jubilados\/"},"modified":"2023-07-05T07:04:33","modified_gmt":"2023-07-05T11:04:33","slug":"trabajo-de-gestora-se-pone-en-duda-tras-denuncia-de-jubilados","status":"publish","type":"post","link":"https:\/\/jms.com.bo\/mediamonitor\/2023\/07\/05\/trabajo-de-gestora-se-pone-en-duda-tras-denuncia-de-jubilados\/","title":{"rendered":"Trabajo de Gestora se pone en duda tras denuncia de jubilados"},"content":{"rendered":"<p style=\"text-align: justify;\">Aunque el gerente General de la Gestora P\u00fablica, Jaime Dur\u00e1n, asegura que cumple con los trabajadores y jubilados, pero admite de dificultades que se superan en el d\u00eda. Desde el ingreso en operaciones de la entidad p\u00fablica, que maneja dinero privado, fue blanco de cr\u00edticas de parte de los aportantes, por ello plantearon una nueva entidad para que el p\u00fablico tenga m\u00e1s opciones para jubilarse.<\/p>\n<p style=\"text-align: justify;\">Por ejemplo, Fernando Prado S. escribi\u00f3 en su @Fernand2114: \u201cCon las AFPs certificaba mi vivencia cada tres meses por celular y mi jubilaci\u00f3n la depositaban a mi cuenta de banco. Con la gestora todos los procesos han desaparecido, no pagan y es un caos total, \u00bfalguien puede defenderlos?\u201d<\/p>\n<p style=\"text-align: justify;\">Entre tanto, Andrea Barrientos, escribi\u00f3 en su @AndreaBSahonero que los \u201cjubilados hacen m\u00e1s de 4 horas de fila, la @GestoraBolivia les paga Bs 600 menos, @LuchoXBolivia dele respuestas a la gente, dejen de chuparse el dinero de la gente\u201d.<\/p>\n<p style=\"text-align: justify;\">Mientras, el lunes ANF reflej\u00f3 que gran cantidad de jubilados se apostaron en las afueras de las oficinas de la Gestora P\u00fablica en la ciudad de La Paz para reclamar que sufrieron una disminuci\u00f3n en sus rentas, entre otras irregularidades. Una se\u00f1ora de la tercera edad report\u00f3 que antes percib\u00eda 1.500 bolivianos por su jubilaci\u00f3n, pero ahora le redujeron a 900.<\/p>\n<p style=\"text-align: justify;\">Gestora<\/p>\n<p style=\"text-align: justify;\">Entre tanto, Dur\u00e1n, en conferencia de prensa, admiti\u00f3 que existen algunos problemas en los pagos, pero asegur\u00f3 que los est\u00e1n resolviendo en el mismo d\u00eda.<br \/>\nDur\u00e1n explic\u00f3 que los problemas se registraron en dos tipos de usuarios. Unos que cobraban la renta dignidad y otros que cobraban la pensi\u00f3n de riesgo junto con la pensi\u00f3n de jubilaci\u00f3n, de acuerdo a ANF.<\/p>\n<p style=\"text-align: justify;\">La autoridad asegur\u00f3 que la Gestora no redujo las pensiones de algunos beneficiarios. \u00abLo que sucedi\u00f3, en m\u00e1s de un caso, es que jubilados recibieron la Renta Dignidad en la anterior boleta, ahora han dejado de percibirla, porque los cruces inform\u00e1ticos han demostrado que estas personas estaban trabajando en una entidad estatal, como en el magisterio o en las universidades\u00bb, explic\u00f3 y agreg\u00f3 que por norma no corresponde.<\/p>\n<p style=\"text-align: justify;\">Respecto al otro grupo de afectados, el funcionario indic\u00f3 que algunos de los adultos que recib\u00edan las pensiones de jubilaci\u00f3n y de riesgo percibieron s\u00f3lo uno de los beneficios y esto provoc\u00f3 reclamos, pero esos casos se est\u00e1n resolviendo en la misma jornada.<\/p>\n<p style=\"text-align: justify;\">\u201cTenemos jubilados que reciben la pensi\u00f3n de riesgo y la pensi\u00f3n de jubilaci\u00f3n. En el marco de la Ley 065, esto es posible. Entonces, en los casos en los cuales por s\u00ed acaso hayan recibido solo una de las pensiones, inmediatamente nuestras plataformas est\u00e1n activando los procedimientos para que nosotros podamos completar el pago correspondiente. Reitero, esto se trata de casos aislados que los estamos resolviendo pr\u00e1cticamente en el d\u00eda para que pr\u00e1cticamente todos nuestros jubilados reciban su pensi\u00f3n completa\u00bb, asegur\u00f3 Dur\u00e1n.<\/p>\n<p style=\"text-align: justify;\">\n","protected":false},"excerpt":{"rendered":"<p>Aunque el gerente General de la Gestora P\u00fablica, Jaime Dur\u00e1n, asegura que cumple con los trabajadores y jubilados, pero admite de dificultades que se superan en el d\u00eda. Desde el ingreso en operaciones de la entidad p\u00fablica, que maneja dinero privado, fue blanco de cr\u00edticas de parte de los aportantes, por ello plantearon una nueva [&hellip;]<\/p>\n","protected":false},"author":4,"featured_media":53513,"comment_status":"open","ping_status":"closed","sticky":false,"template":"","format":"standard","meta":{"footnotes":""},"categories":[20],"tags":[],"class_list":{"0":"post-53512","1":"post","2":"type-post","3":"status-publish","4":"format-standard","5":"has-post-thumbnail","7":"category-actualidad"},"_links":{"self":[{"href":"https:\/\/jms.com.bo\/mediamonitor\/wp-json\/wp\/v2\/posts\/53512","targetHints":{"allow":["GET"]}}],"collection":[{"href":"https:\/\/jms.com.bo\/mediamonitor\/wp-json\/wp\/v2\/posts"}],"about":[{"href":"https:\/\/jms.com.bo\/mediamonitor\/wp-json\/wp\/v2\/types\/post"}],"author":[{"embeddable":true,"href":"https:\/\/jms.com.bo\/mediamonitor\/wp-json\/wp\/v2\/users\/4"}],"replies":[{"embeddable":true,"href":"https:\/\/jms.com.bo\/mediamonitor\/wp-json\/wp\/v2\/comments?post=53512"}],"version-history":[{"count":0,"href":"https:\/\/jms.com.bo\/mediamonitor\/wp-json\/wp\/v2\/posts\/53512\/revisions"}],"wp:featuredmedia":[{"embeddable":true,"href":"https:\/\/jms.com.bo\/mediamonitor\/wp-json\/wp\/v2\/media\/53513"}],"wp:attachment":[{"href":"https:\/\/jms.com.bo\/mediamonitor\/wp-json\/wp\/v2\/media?parent=53512"}],"wp:term":[{"taxonomy":"category","embeddable":true,"href":"https:\/\/jms.com.bo\/mediamonitor\/wp-json\/wp\/v2\/categories?post=53512"},{"taxonomy":"post_tag","embeddable":true,"href":"https:\/\/jms.com.bo\/mediamonitor\/wp-json\/wp\/v2\/tags?post=53512"}],"curies":[{"name":"wp","href":"https:\/\/api.w.org\/{rel}","templated":true}]}}