{"id":53514,"date":"2023-07-05T07:06:00","date_gmt":"2023-07-05T11:06:00","guid":{"rendered":"https:\/\/jms.com.bo\/mediamonitor\/2023\/07\/05\/santa-cruz-emite-alerta-amarilla-por-incendios-forestales\/"},"modified":"2023-07-05T07:06:00","modified_gmt":"2023-07-05T11:06:00","slug":"santa-cruz-emite-alerta-amarilla-por-incendios-forestales","status":"publish","type":"post","link":"https:\/\/jms.com.bo\/mediamonitor\/2023\/07\/05\/santa-cruz-emite-alerta-amarilla-por-incendios-forestales\/","title":{"rendered":"Santa Cruz emite alerta amarilla por incendios forestales"},"content":{"rendered":"<p style=\"text-align: justify;\">Ante la detecci\u00f3n de focos de calor, la Gobernaci\u00f3n de Santa Cruz determin\u00f3 este martes la activaci\u00f3n de una alerta amarilla por el riesgo de incendios forestales. A los municipios se les pidi\u00f3 estar alerta.<\/p>\n<p style=\"text-align: justify;\">\u201cLanzamos la alerta amarilla, fase inicial de periodos de sequ\u00edas e incendios forestales. El Sistema de Alerta Temprana de Incendios Forestales (SATIF), de la Gobernaci\u00f3n de Santa Cruz, conforme a la Ley 602 de Gesti\u00f3n de Riesgos, activa la alerta amarilla al encontrarse en la fase inicial de periodo cr\u00edtico de incendios forestales; debido a la estaci\u00f3n seca, factores meteorol\u00f3gicos; que sit\u00faan al departamento en un nivel de riesgo medio\u201d, explic\u00f3 el secretario departamental de Desarrollo Sostenible y Medio Ambiente, Jhonny Rojas.<\/p>\n<p style=\"text-align: justify;\">El periodo de alerta empieza y se solicit\u00f3 dar los primeros pasos para la organizaci\u00f3n de recursos y personal para atender los incendios; comunes durante esta temporada en varias regiones del pa\u00eds. Adem\u00e1s, se pidi\u00f3 reunir al Comit\u00e9 de Operaciones de Emergencia Departamental (COED) para realizar evaluaciones y revisar los planes de contingencia.<\/p>\n<p style=\"text-align: justify;\">\u201cLos municipios que tienen mayor concentraci\u00f3n de (focos de) calor son San Ignacio, San Jos\u00e9 y San Miguel. A primeras horas de la ma\u00f1ana, nuestro sistema de alerta temprana ha registrado 839 focos de calor nuevos. Ayer (lunes) ten\u00edamos 846\u201d.<\/p>\n<p style=\"text-align: justify;\">Rojas indic\u00f3 que se solicitar\u00e1 informaci\u00f3n a la Autoridad de Fiscalizaci\u00f3n y Control Social de Bosques y Tierra (ABT) y el Instituto Nacional de Reforma Agraria (INRA) sobre los permisos para los chaqueos controlados.<\/p>\n","protected":false},"excerpt":{"rendered":"<p>Ante la detecci\u00f3n de focos de calor, la Gobernaci\u00f3n de Santa Cruz determin\u00f3 este martes la activaci\u00f3n de una alerta amarilla por el riesgo de incendios forestales. A los municipios se les pidi\u00f3 estar alerta. \u201cLanzamos la alerta amarilla, fase inicial de periodos de sequ\u00edas e incendios forestales. El Sistema de Alerta Temprana de Incendios [&hellip;]<\/p>\n","protected":false},"author":4,"featured_media":53515,"comment_status":"open","ping_status":"closed","sticky":false,"template":"","format":"standard","meta":{"footnotes":""},"categories":[20],"tags":[],"class_list":{"0":"post-53514","1":"post","2":"type-post","3":"status-publish","4":"format-standard","5":"has-post-thumbnail","7":"category-actualidad"},"_links":{"self":[{"href":"https:\/\/jms.com.bo\/mediamonitor\/wp-json\/wp\/v2\/posts\/53514","targetHints":{"allow":["GET"]}}],"collection":[{"href":"https:\/\/jms.com.bo\/mediamonitor\/wp-json\/wp\/v2\/posts"}],"about":[{"href":"https:\/\/jms.com.bo\/mediamonitor\/wp-json\/wp\/v2\/types\/post"}],"author":[{"embeddable":true,"href":"https:\/\/jms.com.bo\/mediamonitor\/wp-json\/wp\/v2\/users\/4"}],"replies":[{"embeddable":true,"href":"https:\/\/jms.com.bo\/mediamonitor\/wp-json\/wp\/v2\/comments?post=53514"}],"version-history":[{"count":0,"href":"https:\/\/jms.com.bo\/mediamonitor\/wp-json\/wp\/v2\/posts\/53514\/revisions"}],"wp:featuredmedia":[{"embeddable":true,"href":"https:\/\/jms.com.bo\/mediamonitor\/wp-json\/wp\/v2\/media\/53515"}],"wp:attachment":[{"href":"https:\/\/jms.com.bo\/mediamonitor\/wp-json\/wp\/v2\/media?parent=53514"}],"wp:term":[{"taxonomy":"category","embeddable":true,"href":"https:\/\/jms.com.bo\/mediamonitor\/wp-json\/wp\/v2\/categories?post=53514"},{"taxonomy":"post_tag","embeddable":true,"href":"https:\/\/jms.com.bo\/mediamonitor\/wp-json\/wp\/v2\/tags?post=53514"}],"curies":[{"name":"wp","href":"https:\/\/api.w.org\/{rel}","templated":true}]}}