{"id":53516,"date":"2023-07-05T07:07:43","date_gmt":"2023-07-05T11:07:43","guid":{"rendered":"https:\/\/jms.com.bo\/mediamonitor\/2023\/07\/05\/se-dispara-la-produccion-de-cocaina-en-la-region-y-bolivia-ya-reporta-cifras-record\/"},"modified":"2023-07-05T07:07:43","modified_gmt":"2023-07-05T11:07:43","slug":"se-dispara-la-produccion-de-cocaina-en-la-region-y-bolivia-ya-reporta-cifras-record","status":"publish","type":"post","link":"https:\/\/jms.com.bo\/mediamonitor\/2023\/07\/05\/se-dispara-la-produccion-de-cocaina-en-la-region-y-bolivia-ya-reporta-cifras-record\/","title":{"rendered":"Se dispara la producci\u00f3n de coca\u00edna en la regi\u00f3n y Bolivia ya reporta \u2018cifras r\u00e9cord\u2019"},"content":{"rendered":"<p style=\"text-align: justify;\">La producci\u00f3n mundial de coca\u00edna \u201cse ha disparado dr\u00e1sticamente en los dos \u00faltimos a\u00f1os\u201d, alert\u00f3 la Oficina de Naciones Unidas contra la Droga y el Delito (Unodc) en sus m\u00e1s recientes informes de alcance global, mientras que el Gobierno boliviano celebr\u00f3 cifras \u201cr\u00e9cord\u201d respecto a los operativos de confiscaci\u00f3n de ese estupefaciente.<\/p>\n<p style=\"text-align: justify;\">El viceministro de Defensa Social, Jaime Mamani, inform\u00f3 que la Fuerza Especial de Lucha Contra el Narcotr\u00e1fico confisc\u00f3 51,3 toneladas de coca\u00edna, precisamente en estos \u00faltimos dos a\u00f1os. Con relaci\u00f3n a 2022, los indicadores de incautaciones reflejan un incremento del 20%.<\/p>\n<p style=\"text-align: justify;\">Frente a los recientes reportes internacionales, Mamani asegur\u00f3 que la Felcn destruy\u00f3 148 laboratorios de cristalizaci\u00f3n y se aprehendi\u00f3 a 8.069 personas, aunque no precis\u00f3 si ellos eran l\u00edderes o \u201cpeces gordos\u201d. En dos a\u00f1os \u201cse logr\u00f3 el secuestro de 140 aeronaves y se intervinieron 143 pistas clandestinas\u201d, remarc\u00f3 la autoridad.<\/p>\n<p style=\"text-align: justify;\">Seg\u00fan la Unodc, el fuerte crecimiento de la oferta ha ido acompa\u00f1ado de un aumento similar de la demanda, y muchas regiones han registrado un incremento constante de los consumidores de coca\u00edna en la \u00faltima d\u00e9cada. Aunque el mercado de la coca\u00edna sigue bastante concentrado en Am\u00e9rica y partes de Europa, el informe advierte de que existe un gran potencial de expansi\u00f3n en \u00c1frica y Asia.<\/p>\n<p style=\"text-align: justify;\">\u201cLas interceptaciones de cargamentos de coca\u00edna por parte de las fuerzas del orden de todo el mundo tambi\u00e9n han aumentado considerablemente, y las incautaciones alcanzaron la cifra r\u00e9cord de 2.000 toneladas en 2021\u201d, la cifra tope del reporte.<\/p>\n<p style=\"text-align: justify;\">Seg\u00fan la Oficina de Pol\u00edtica Nacional para el Control de Drogas de la Casa Blanca (Ondcp), Bolivia posee un potencial de producci\u00f3n de coca\u00edna de 317 toneladas por a\u00f1o. Esto porque este organismo contabiliz\u00f3 la existencia de 39.700 hect\u00e1reas de cultivos de coca en el pa\u00eds, una cifra superior a las 30.500 hect\u00e1reas que detect\u00f3 la ONU.<\/p>\n<p style=\"text-align: justify;\">Mamani no reconoce ninguna de esas dos cifras y asegura que \u201cBolivia fue el \u00fanico pa\u00eds que tuvo una reducci\u00f3n neta\u201d en esos cultivos. No obstante, admiti\u00f3 que el 60% de la producci\u00f3n de coca que se da en el tr\u00f3pico de Cochabamba se desv\u00eda a mercados ilegales. \u201cEn nuestra gesti\u00f3n hemos secuestrado 194,69 toneladas de hoja de coca que estaba siendo desviada\u201d, apostill\u00f3.<\/p>\n<p style=\"text-align: justify;\">El diputado Alejandro Reyes, de la alianza opositora Comunidad Ciudadana (CC), se\u00f1al\u00f3 que la comunidad internacional le est\u00e1 dando varios mensajes para que se cambie la actual pol\u00edtica antidroga. \u201cLa Onudc nos ve como un pa\u00eds productor y exportador de droga y eso afecta al pa\u00eds\u201d, dijo.<\/p>\n<p style=\"text-align: justify;\">En los \u00faltimos dos a\u00f1os, al menos 31 pa\u00edses de Europa y Am\u00e9rica Latina, pero adem\u00e1s del L\u00edbano que est\u00e1 en Oriente Pr\u00f3ximo, reportaron \u201cenv\u00edos de coca\u00edna\u201d desde Bolivia, seg\u00fan un an\u00e1lisis que forma parte del Informe Mundial sobre Drogas 2023, publicado por la Unodc la \u00faltima semana de junio. A este dato, se\u00f1ala el reporte, se a\u00f1ade que \u201cel 60% de las rutas de tr\u00e1fico de coca\u00edna notificadas desde Bolivia llegaron a pa\u00edses de las Am\u00e9ricas\u201d, en comparaci\u00f3n \u201ccon el 20% a Europa y el 11% a Asia\u201d, destinos a los que los que la sustancia controlada pudo llegar a trav\u00e9s de distintos medios.<\/p>\n<p style=\"text-align: justify;\">La crimin\u00f3loga Gabriela Reyes, quien fue responsable del Observatorio Boliviano de Seguridad Ciudadana y Lucha Contra las Drogas, se\u00f1al\u00f3 que las incautaciones pueden representar el 10% de lo que realmente se produce. Sobre los c\u00e1lculos de potencial de producci\u00f3n de coca\u00edna, indic\u00f3 que es necesario actualizar esas f\u00f3rmulas porque son de los a\u00f1os 90.<\/p>\n<p style=\"text-align: justify;\">Respecto a la coordinaci\u00f3n internacional para enfrentar al narcotr\u00e1fico, Mamani dijo que el Gobierno sostuvo reuniones de coordinaci\u00f3n antidroga con Per\u00fa, Argentina, Paraguay, Chile y Brasil. \u201cCon Espa\u00f1a ser\u00e1 en noviembre\u201d, explic\u00f3 la autoridad.<\/p>\n<p style=\"text-align: justify;\">\u201cEst\u00e1 demostrado que ning\u00fan pa\u00eds de manera unilateral y aislado ha podido hacer frente al narcotr\u00e1fico\u201d, remarc\u00f3 Mamani. En los \u00faltimos dos a\u00f1os, Europol y Espa\u00f1a ejecutaron tres operaciones sin la Felcn.<\/p>\n","protected":false},"excerpt":{"rendered":"<p>La producci\u00f3n mundial de coca\u00edna \u201cse ha disparado dr\u00e1sticamente en los dos \u00faltimos a\u00f1os\u201d, alert\u00f3 la Oficina de Naciones Unidas contra la Droga y el Delito (Unodc) en sus m\u00e1s recientes informes de alcance global, mientras que el Gobierno boliviano celebr\u00f3 cifras \u201cr\u00e9cord\u201d respecto a los operativos de confiscaci\u00f3n de ese estupefaciente. El viceministro de [&hellip;]<\/p>\n","protected":false},"author":4,"featured_media":53517,"comment_status":"open","ping_status":"closed","sticky":false,"template":"","format":"standard","meta":{"footnotes":""},"categories":[20,47,48],"tags":[],"class_list":{"0":"post-53516","1":"post","2":"type-post","3":"status-publish","4":"format-standard","5":"has-post-thumbnail","7":"category-actualidad","8":"category-portada-actualidad","9":"category-portada-general-sitio"},"_links":{"self":[{"href":"https:\/\/jms.com.bo\/mediamonitor\/wp-json\/wp\/v2\/posts\/53516","targetHints":{"allow":["GET"]}}],"collection":[{"href":"https:\/\/jms.com.bo\/mediamonitor\/wp-json\/wp\/v2\/posts"}],"about":[{"href":"https:\/\/jms.com.bo\/mediamonitor\/wp-json\/wp\/v2\/types\/post"}],"author":[{"embeddable":true,"href":"https:\/\/jms.com.bo\/mediamonitor\/wp-json\/wp\/v2\/users\/4"}],"replies":[{"embeddable":true,"href":"https:\/\/jms.com.bo\/mediamonitor\/wp-json\/wp\/v2\/comments?post=53516"}],"version-history":[{"count":0,"href":"https:\/\/jms.com.bo\/mediamonitor\/wp-json\/wp\/v2\/posts\/53516\/revisions"}],"wp:featuredmedia":[{"embeddable":true,"href":"https:\/\/jms.com.bo\/mediamonitor\/wp-json\/wp\/v2\/media\/53517"}],"wp:attachment":[{"href":"https:\/\/jms.com.bo\/mediamonitor\/wp-json\/wp\/v2\/media?parent=53516"}],"wp:term":[{"taxonomy":"category","embeddable":true,"href":"https:\/\/jms.com.bo\/mediamonitor\/wp-json\/wp\/v2\/categories?post=53516"},{"taxonomy":"post_tag","embeddable":true,"href":"https:\/\/jms.com.bo\/mediamonitor\/wp-json\/wp\/v2\/tags?post=53516"}],"curies":[{"name":"wp","href":"https:\/\/api.w.org\/{rel}","templated":true}]}}