{"id":53520,"date":"2023-07-05T07:15:00","date_gmt":"2023-07-05T11:15:00","guid":{"rendered":"https:\/\/jms.com.bo\/mediamonitor\/2023\/07\/05\/despues-de-lima-la-asamblea-reprograma-interpelacion-a-del-castillo-para-octubre\/"},"modified":"2023-07-05T07:15:00","modified_gmt":"2023-07-05T11:15:00","slug":"despues-de-lima-la-asamblea-reprograma-interpelacion-a-del-castillo-para-octubre","status":"publish","type":"post","link":"https:\/\/jms.com.bo\/mediamonitor\/2023\/07\/05\/despues-de-lima-la-asamblea-reprograma-interpelacion-a-del-castillo-para-octubre\/","title":{"rendered":"Despu\u00e9s de Lima, la Asamblea reprograma interpelaci\u00f3n a Del Castillo para octubre"},"content":{"rendered":"<p style=\"text-align: justify;\">El presidente de la Asamblea Legislativa, David Choquehuanca, reprogram\u00f3 la nueva interpelaci\u00f3n del ministro de Gobierno, Eduardo Del Castillo, hasta el 18 de octubre, sobre \u201cseguridad interna del Estado\u201d. Inicialmente, el acto estaba programado para este mi\u00e9rcoles 5 de julio.<\/p>\n<p style=\"text-align: justify;\">\u201cComunico a usted que la sesi\u00f3n de Asamblea Legislativa Plurinacional para la verificaci\u00f3n del acto de interpelaci\u00f3n al referido Ministro de Estado ha sido prevista para el 18 de octubre de 2023 a horas 14.30, en la sala de sesiones del nuevo edifico de la Asamblea\u201d (sic), se lee en parte de la carta que env\u00edo Choquehuanca al presidente de la C\u00e1mara de Diputados, Jerges Mercado.<\/p>\n<p style=\"text-align: justify;\">La interpelaci\u00f3n fue planteada por asamble\u00edstas del Movimiento Al Socialismo (MAS), del bloque af\u00edn al expresidente Evo Morales, a la cabeza del diputado Ren\u00e1n Cabezas.<\/p>\n<p style=\"text-align: justify;\">El martes pasado, Del Castillo fue interpelado en la Asamblea por el caso de veh\u00edculos robados en Chile e internados a territorio nacional para ser comercializados. Fue censurado con 101 votos a favor, con respaldo del bloque evista y las alianzas opositoras Comunidad Ciudadana (CC) y Creemos.<\/p>\n<p style=\"text-align: justify;\">A trav\u00e9s de un decreto, el presidente Luis Arce destituy\u00f3 a Del Castillo, pero horas m\u00e1s tarde lo restituy\u00f3 como ministro de Gobierno.<\/p>\n<p style=\"text-align: justify;\">Jerges Mercado, presidente de la C\u00e1mara de Diputados, ratific\u00f3 que esta semana en la Asamblea Legislativa no habr\u00e1 interpelaciones a los ministros de Justicia y de Gobierno porque presentaron sus justificativos para la reprogramaci\u00f3n.<\/p>\n<p style=\"text-align: justify;\">\u201cEntiendo que hay justificaciones valiosas, por ejemplo el ministro de Gobierno ha tenido que acompa\u00f1ar el Presidente al extranjero, por lo tanto no puede asistir a la interpelaci\u00f3n. Son v\u00e1lidas (las justificaciones) y nosotros las aceptamos y respetamos\u201d, dijo Mercado.<\/p>\n<p style=\"text-align: justify;\">La interpelaci\u00f3n del ministro Lima tambi\u00e9n fue reprogramada para el 4 de octubre, debe informar sobre los \u201chechos ocurridos en el a\u00f1o 2019\u201d. Se ten\u00eda conocimiento que la interpelaci\u00f3n deb\u00eda realizarse este martes, sin embargo, la convocatoria oficial no fue emitida.<\/p>\n","protected":false},"excerpt":{"rendered":"<p>El presidente de la Asamblea Legislativa, David Choquehuanca, reprogram\u00f3 la nueva interpelaci\u00f3n del ministro de Gobierno, Eduardo Del Castillo, hasta el 18 de octubre, sobre \u201cseguridad interna del Estado\u201d. Inicialmente, el acto estaba programado para este mi\u00e9rcoles 5 de julio. \u201cComunico a usted que la sesi\u00f3n de Asamblea Legislativa Plurinacional para la verificaci\u00f3n del acto [&hellip;]<\/p>\n","protected":false},"author":4,"featured_media":53521,"comment_status":"open","ping_status":"closed","sticky":false,"template":"","format":"standard","meta":{"footnotes":""},"categories":[18],"tags":[],"class_list":{"0":"post-53520","1":"post","2":"type-post","3":"status-publish","4":"format-standard","5":"has-post-thumbnail","7":"category-politica"},"_links":{"self":[{"href":"https:\/\/jms.com.bo\/mediamonitor\/wp-json\/wp\/v2\/posts\/53520","targetHints":{"allow":["GET"]}}],"collection":[{"href":"https:\/\/jms.com.bo\/mediamonitor\/wp-json\/wp\/v2\/posts"}],"about":[{"href":"https:\/\/jms.com.bo\/mediamonitor\/wp-json\/wp\/v2\/types\/post"}],"author":[{"embeddable":true,"href":"https:\/\/jms.com.bo\/mediamonitor\/wp-json\/wp\/v2\/users\/4"}],"replies":[{"embeddable":true,"href":"https:\/\/jms.com.bo\/mediamonitor\/wp-json\/wp\/v2\/comments?post=53520"}],"version-history":[{"count":0,"href":"https:\/\/jms.com.bo\/mediamonitor\/wp-json\/wp\/v2\/posts\/53520\/revisions"}],"wp:featuredmedia":[{"embeddable":true,"href":"https:\/\/jms.com.bo\/mediamonitor\/wp-json\/wp\/v2\/media\/53521"}],"wp:attachment":[{"href":"https:\/\/jms.com.bo\/mediamonitor\/wp-json\/wp\/v2\/media?parent=53520"}],"wp:term":[{"taxonomy":"category","embeddable":true,"href":"https:\/\/jms.com.bo\/mediamonitor\/wp-json\/wp\/v2\/categories?post=53520"},{"taxonomy":"post_tag","embeddable":true,"href":"https:\/\/jms.com.bo\/mediamonitor\/wp-json\/wp\/v2\/tags?post=53520"}],"curies":[{"name":"wp","href":"https:\/\/api.w.org\/{rel}","templated":true}]}}