{"id":53522,"date":"2023-07-05T07:16:24","date_gmt":"2023-07-05T11:16:24","guid":{"rendered":"https:\/\/jms.com.bo\/mediamonitor\/2023\/07\/05\/se-derrumba-version-del-golpe-dos-diputados-del-mas-revelan-que-evo-les-solicito-que-le-pidieran-la-renuncia\/"},"modified":"2023-07-05T07:16:24","modified_gmt":"2023-07-05T11:16:24","slug":"se-derrumba-version-del-golpe-dos-diputados-del-mas-revelan-que-evo-les-solicito-que-le-pidieran-la-renuncia","status":"publish","type":"post","link":"https:\/\/jms.com.bo\/mediamonitor\/2023\/07\/05\/se-derrumba-version-del-golpe-dos-diputados-del-mas-revelan-que-evo-les-solicito-que-le-pidieran-la-renuncia\/","title":{"rendered":"Se derrumba versi\u00f3n del golpe: Dos diputados del MAS revelan que Evo les solicit\u00f3 que le pidieran la renuncia"},"content":{"rendered":"<p style=\"text-align: justify;\">Se derrumba la versi\u00f3n del golpe: Dos diputados del MAS revelaron que el propio Evo Morales les pidi\u00f3 que le solicitaran su renuncia a la presidencia, en noviembre de 2019.<\/p>\n<p style=\"text-align: justify;\">Morales y el MAS han se\u00f1alado que en 2019 se produjo un golpe de Estado debido a que las FFAA le pidieron que abandonara el cargo. Varios testimonios desmintieron aquello en meses posteriores, que ahora se ven ratificadas por diputados del propio MAS.<\/p>\n<p style=\"text-align: justify;\">El martes, tanto el jefe de bancada de ese partido en la C\u00e1mara Baja, Andr\u00e9s Flores, como la diputada Deisy Choque, ambos del ala \u201carcista\u201d, dijeron que Morales les demand\u00f3 que pidieran su renuncia.<\/p>\n<p style=\"text-align: justify;\">\u201cAntes de partir al Tr\u00f3pico de Cochabamba, el hermano Evo ha pedido a todo el Pacto de Unidad: &#8216;pidan mi renuncia&#8217;. \u00c9l ha instruido, nuestro compa\u00f1ero Evo ha instruido a Juan Carlos Huarachi y al Pacto de Unidad. Que no mientan al pueblo. Imag\u00ednese, yo personalmente estuve ah\u00ed, antes de que se vaya Cochabamba. Yo he sido ejecutivo departamental\u00bb, revel\u00f3 Flores a ANF.<\/p>\n<p style=\"text-align: justify;\">Tambi\u00e9n la diputada Choque dijo algo similar a Erbol: \u201c\u00bfPor qu\u00e9 el hermano Evo no sale a aclarar por qu\u00e9 (Juan Carlos) Huarachi (de la COB) pidi\u00f3 la renuncia? \u00bfPor qu\u00e9 no sale a aclarar que \u00e9l fue quien solicit\u00f3 que las organizaciones salgan y pidan su renuncia? \u00bfPor qu\u00e9 no lo aclara? \u00bfPor qu\u00e9 hasta hoy sigue dejando que se le da\u00f1e al hermano Huarachi con ese discurso de \u2018fuiste el traidor\u2019, cuando lo \u00fanico que hizo fue ser obediente?\u201d.<\/p>\n<p style=\"text-align: justify;\">Las declaraciones surgieron despu\u00e9s de que legisladores de ala evista del MAS arremetieran contra el secretario ejecutivo cobista, Huarachi, y lo tildaron de traidor por haber pedido la renuncia de Evo Morales a la presidencia en 2019. Esas cr\u00edticas fueron producto de que la COB y el Pacto de Unidad ratificaran el lunes su apoyo al presidente Luis Arce.<\/p>\n<p style=\"text-align: justify;\">Ese pedido a que Huarachi y otros dirigentes le solicitaran la renuncia ten\u00eda el objetivo de \u201cdarle un pretexto\u201d a Morales para abandonar el cargo y no aparecer como que estaba cediendo ante las protestas opositoras. Campesinos y otros dirigentes lo hicieron el 10 de noviembre, d\u00eda de la renuncia de Morales. Incluso se podr\u00eda ahora especular que tambi\u00e9n los jefes militares pidieron la renuncia a pedido del expresidente.<\/p>\n<p style=\"text-align: justify;\">Morales renunci\u00f3 precisamente ese d\u00eda, unas horas antes de que las FFAA le pidieran que abandonara al poder, lo que confirma que no hubo \u201cgolpe de Estado\u201d, sino el alejamiento del cargo ante una espiral de masivas protestas sociales.<\/p>\n<p style=\"text-align: justify;\">Varios testimonios confirman que Morales ya ten\u00eda previsto renunciar con anticipaci\u00f3n al pedido de las FFAA, como las declaraciones de los entonces dirigentes de Comunidad Ciudadana, Jos\u00e9 Antonio Quiroga y Ricardo Paz, que atestiguaron que dos enviados de Morales les anunciaron que \u00e9ste renunciar\u00eda el 10 de noviembre de 2019.<\/p>\n<p style=\"text-align: justify;\">Adem\u00e1s, en dos libros, tanto Morales como Garc\u00eda Linera admiten que la renuncia se decidi\u00f3 en realidad la noche del 9 de noviembre. En su texto autobiogr\u00e1fico \u201cVolver\u00e9 y ser\u00e9 millones\u201d, Morales informa que \u201cAntes de renunciar, bien lo medit\u00e9. Pens\u00e9 en tirarme monte adentro, selva adentro para go\u00adbernar\u201d (\u2026). Al d\u00eda siguiente (el 10 de noviembre), la acci\u00f3n tan natural del movimiento campesino, de muchos sectores sociales, podr\u00eda haber sido tomar el Palacio, la plaza Murillo\u201d.<\/p>\n<p style=\"text-align: justify;\">En el libro \u201cOperaci\u00f3n Rescate\u201d, de Alfredo Serrano Mancilla, el 10 de noviembre de 2019 a las 10:00, Garc\u00eda Linera le comunic\u00f3 a Cristina Fern\u00e1ndez de Kirchner la renuncia inminente de Morales. \u201cYa se tom\u00f3 la decisi\u00f3n\u201d, le dijo, seg\u00fan declaraci\u00f3n del propio Garc\u00eda Linera en ese texto.<\/p>\n<p style=\"text-align: justify;\">Esas versiones tienen asidero en el hecho de que Huarachi, pese a haber pedido que Morales dejara el gobierno, no sufri\u00f3 represalias una vez que el MAS volvi\u00f3 al poder. Lo comprensible hubiera sido que fuera defenestrado por el oficialismo.<\/p>\n","protected":false},"excerpt":{"rendered":"<p>Se derrumba la versi\u00f3n del golpe: Dos diputados del MAS revelaron que el propio Evo Morales les pidi\u00f3 que le solicitaran su renuncia a la presidencia, en noviembre de 2019. Morales y el MAS han se\u00f1alado que en 2019 se produjo un golpe de Estado debido a que las FFAA le pidieron que abandonara el [&hellip;]<\/p>\n","protected":false},"author":4,"featured_media":53523,"comment_status":"open","ping_status":"closed","sticky":false,"template":"","format":"standard","meta":{"footnotes":""},"categories":[18],"tags":[],"class_list":{"0":"post-53522","1":"post","2":"type-post","3":"status-publish","4":"format-standard","5":"has-post-thumbnail","7":"category-politica"},"_links":{"self":[{"href":"https:\/\/jms.com.bo\/mediamonitor\/wp-json\/wp\/v2\/posts\/53522","targetHints":{"allow":["GET"]}}],"collection":[{"href":"https:\/\/jms.com.bo\/mediamonitor\/wp-json\/wp\/v2\/posts"}],"about":[{"href":"https:\/\/jms.com.bo\/mediamonitor\/wp-json\/wp\/v2\/types\/post"}],"author":[{"embeddable":true,"href":"https:\/\/jms.com.bo\/mediamonitor\/wp-json\/wp\/v2\/users\/4"}],"replies":[{"embeddable":true,"href":"https:\/\/jms.com.bo\/mediamonitor\/wp-json\/wp\/v2\/comments?post=53522"}],"version-history":[{"count":0,"href":"https:\/\/jms.com.bo\/mediamonitor\/wp-json\/wp\/v2\/posts\/53522\/revisions"}],"wp:featuredmedia":[{"embeddable":true,"href":"https:\/\/jms.com.bo\/mediamonitor\/wp-json\/wp\/v2\/media\/53523"}],"wp:attachment":[{"href":"https:\/\/jms.com.bo\/mediamonitor\/wp-json\/wp\/v2\/media?parent=53522"}],"wp:term":[{"taxonomy":"category","embeddable":true,"href":"https:\/\/jms.com.bo\/mediamonitor\/wp-json\/wp\/v2\/categories?post=53522"},{"taxonomy":"post_tag","embeddable":true,"href":"https:\/\/jms.com.bo\/mediamonitor\/wp-json\/wp\/v2\/tags?post=53522"}],"curies":[{"name":"wp","href":"https:\/\/api.w.org\/{rel}","templated":true}]}}