{"id":53524,"date":"2023-07-05T07:18:39","date_gmt":"2023-07-05T11:18:39","guid":{"rendered":"https:\/\/jms.com.bo\/mediamonitor\/2023\/07\/05\/instituciones-del-empresariado-proponen-cinco-medidas-para-oxigenar-la-economia\/"},"modified":"2023-07-05T07:18:39","modified_gmt":"2023-07-05T11:18:39","slug":"instituciones-del-empresariado-proponen-cinco-medidas-para-oxigenar-la-economia","status":"publish","type":"post","link":"https:\/\/jms.com.bo\/mediamonitor\/2023\/07\/05\/instituciones-del-empresariado-proponen-cinco-medidas-para-oxigenar-la-economia\/","title":{"rendered":"Instituciones del empresariado proponen cinco medidas para \u201coxigenar\u201d la econom\u00eda"},"content":{"rendered":"<p style=\"text-align: justify;\">En medio de la turbulencia econ\u00f3mica que es advertida tanto desde dentro como fuera de Bolivia por diferentes organismos, cinco instituciones representativas del empresariado nacional tocan la puerta del Gobierno de turno con una serie de propuestas bajo el brazo y que apuntan a mejorar la planeaci\u00f3n de cara al corto y mediano plazo.<\/p>\n<p style=\"text-align: justify;\">Las propuestas ya han sido abordadas en diferentes escenarios y aparecen en un contexto en el que se encienden las alertas tras un reporte de la calificadora internacional Moody\u2019s, que cambi\u00f3 la calificaci\u00f3n de \u201criesgo crediticio alto\u201d en marzo de este a\u00f1o a un pa\u00eds con t\u00edtulos con \u201cbaja solvencia\u201d a junio de 2023, cayendo al umbral de \u2018negativa\u2019.<\/p>\n<p style=\"text-align: justify;\">Uno de estos escenarios fue gestado la semana pasada por la C\u00e1mara de Industria, Comercio, Servicios y Turismo de Santa Cruz (Cainco), desde donde uno de sus directores econ\u00f3micos, Pablo Mendieta, se\u00f1al\u00f3 que la primera se\u00f1al que debe dar el Gobierno es la transparencia respecto a su visi\u00f3n sobre la econom\u00eda y asumir acciones espec\u00edficas para contrarrestar la situaci\u00f3n.<\/p>\n<p style=\"text-align: justify;\">Para ello, Mendieta apunta que hay sectores que est\u00e1n listos para sumar a la labor de captaci\u00f3n de divisas, un problema latente para la econom\u00eda nacional que puede contrarrestarse con el est\u00edmulo a la agricultura, la agroindustria, la agropecuaria, el turismo, los servicios digitales y la industria forestal.<\/p>\n<p style=\"text-align: justify;\">Tomando en cuenta la propuesta de Cainco que est\u00e1 contenida en el informe \u2018De la Bolivia que tenemos a la Bolivia que queremos: una propuesta para remontar la crisis\u2019 se podr\u00eda captar $us 600 millones adicionales para la presente gesti\u00f3n, tema que debe ir apuntalado por la exportaci\u00f3n y la lucha contra el contrabando, con miras a frenar la entrada de bienes que ahogan a la industria nacional, as\u00ed como tambi\u00e9n la salida de combustibles.<\/p>\n<p style=\"text-align: justify;\">Mientras que el segundo vicepresidente de la C\u00e1mara Agropecuaria del Oriente (CAO), Klaus Krerking, puntualiz\u00f3 que son cuatro las propuestas espec\u00edficas que han sido presentadas al Gobierno central para trabajar en el corto plazo: seguridad jur\u00eddica, lucha contra el contrabando, el uso de biotecnolog\u00eda y liberaci\u00f3n de exportaciones.<\/p>\n<p style=\"text-align: justify;\">Desde la CAO consideran que estas acciones no solo permitir\u00e1n atraer mayores divisas, sino tambi\u00e9n para generar m\u00e1s empleos formales.<\/p>\n<p style=\"text-align: justify;\">Y es justamente desde las esferas de la CAO que profundizan estas propuestas. Un ejemplo de ello fue expuesto por el presidente de la Federaci\u00f3n de Ganaderos de Santa Cruz (Fegasacruz), Adri\u00e1n Castedo, al manifestar que en materia de exportaciones basta con mirar los casos de pa\u00edses vecinos que despegaron los env\u00edos de carne bovina a mercados internacionales.<\/p>\n<p style=\"text-align: justify;\">\u201cSolo Uruguay ya export\u00f3 $us 2.6000 millones y es un pa\u00eds m\u00e1s peque\u00f1o que Santa Cruz (176.215 y 370.621 kil\u00f3metros cuadrados, respectivamente) y Paraguay de igual manera export\u00f3 $us 2.300 millones, es decir, 23 veces m\u00e1s que nosotros\u201d, enfatiz\u00f3 Castedo.<\/p>\n<p style=\"text-align: justify;\">La propuesta de Fegasacruz al Gobierno tambi\u00e9n aborda el tema sanitario y la seguridad jur\u00eddica, temas espec\u00edficos para multiplicar las exportaciones y traer m\u00e1s divisas al pa\u00eds. Por eso se considera que es esencial el trabajo codo a codo entre el sector p\u00fablico y el privado, escenario con el que tambi\u00e9n se garantizar\u00e1 la seguridad alimentaria ante una mayor producci\u00f3n.<\/p>\n<p style=\"text-align: justify;\">La gravitaci\u00f3n de Santa Cruz en las exportaciones de Bolivia \u201ces muy importante\u201d, de acuerdo a las estad\u00edsticas que maneja el Instituto Boliviano de Comercio Exterior (IBCE), desde donde se refleja que -en 2022- el departamento represent\u00f3 33% de las exportaciones totales del pa\u00eds, el 77% de las exportaciones no tradicionales, el 87% de las exportaciones de alimentos, y el 88% de las exportaciones agropecuarias.<\/p>\n<p style=\"text-align: justify;\">El departamento cruce\u00f1o encabeza los registros de env\u00edos al exterior de carne bovina y derivados (100%), alcohol et\u00edlico (99,7%), az\u00facar (99,5%), s\u00e9samo (98,6%) y soya y derivados (98,1%), entre otros productos, seg\u00fan el IBCE.<\/p>\n<p style=\"text-align: justify;\">Por su parte, el gerente general de la Asociaci\u00f3n de Productores de Oleaginosas y Trigo (Anapo), Jaime Hern\u00e1ndez, expres\u00f3 que la propuesta que manejan se centra en continuar con el trabajo coordinado con el Gobierno para garantizar abastecimiento combustible y m\u00e1s cuando se avecina la cosecha de la campa\u00f1a de invierno, con m\u00e1s de 800.000 hect\u00e1reas de cultivos de rotaci\u00f3n como trigo, ma\u00edz, sorgo, girasol y soya.<\/p>\n<p style=\"text-align: justify;\">Hern\u00e1ndez tambi\u00e9n subray\u00f3 que son fundamentales las acciones concretas y contundentes contra el contrabando de productos agropecuarios, que significan una competencia desleal para los productores, tomando en cuenta el ingreso de mercanc\u00edas sin registro desde Argentina, por lo que piden profundizar la \u201ccoordinaci\u00f3n p\u00fablica-privada para tener acciones efectivas\u201d<\/p>\n<p style=\"text-align: justify;\">Avanzar en la inserci\u00f3n de biotecnolog\u00eda para frenar los embates de los fen\u00f3menos clim\u00e1tica y para mejorar la productividad en el campo es otro de los pedidos que es un antiguo anhelo del aparato productivo, tema que dar\u00e1 lugar a un impulso a las exportaciones, las cuales deben ser liberadas para traer m\u00e1s divisas, como es el caso del sorgo.<\/p>\n<p style=\"text-align: justify;\">Asimismo, las propuestas no solo aparecen desde Santa Cruz, sino que son de car\u00e1cter general como lo dejaron entrever desde la C\u00e1mara Nacional de Industria (CNI), cuyo presidente Pablo Camacho se\u00f1al\u00f3 que son cuatro las propuestas que tienen sobre la mesa para que sean trabajados con el Gobierno de turno.<\/p>\n<p style=\"text-align: justify;\">La primera de estas propuestas de la CNI tiene que ver con la reactivaci\u00f3n del Consejo Nacional de Lucha Contra el Contrabando, en donde intervienen diferentes instituciones; la segunda es modificar la normativa legal para reducir de 200.000 a 50.000 UFVs el valor del monto que sea considerado como delito aduanero.<\/p>\n<p style=\"text-align: justify;\">La tercera pretende municipalizar la lucha contra el contrabando para que tambi\u00e9n se tenga a otros responsables en la lucha contra este il\u00edcito. Y la cuarta busca fortalecer los entes estatales con equipamiento y tecnolog\u00eda para efectivizar la lucha contra el contrabando, reforzando as\u00ed al Viceministerio del \u00e1rea.<\/p>\n<p style=\"text-align: justify;\">En los \u00faltimos 10 a\u00f1os, el contrabando gener\u00f3 un golpe a la econom\u00eda de m\u00e1s de $us 27.000 millones, de los cuales al menos 7.00 millones significan una evasi\u00f3n fiscal. Sin ir m\u00e1s lejos, solo en la pasada gesti\u00f3n Bolivia perdi\u00f3 m\u00e1s de $us 930 millones en materia impositiva, seg\u00fan un estudio de la CNI. (Santa Cruz, con datos de Unitel)<\/p>\n","protected":false},"excerpt":{"rendered":"<p>En medio de la turbulencia econ\u00f3mica que es advertida tanto desde dentro como fuera de Bolivia por diferentes organismos, cinco instituciones representativas del empresariado nacional tocan la puerta del Gobierno de turno con una serie de propuestas bajo el brazo y que apuntan a mejorar la planeaci\u00f3n de cara al corto y mediano plazo. Las [&hellip;]<\/p>\n","protected":false},"author":4,"featured_media":53525,"comment_status":"open","ping_status":"closed","sticky":false,"template":"","format":"standard","meta":{"footnotes":""},"categories":[25],"tags":[],"class_list":{"0":"post-53524","1":"post","2":"type-post","3":"status-publish","4":"format-standard","5":"has-post-thumbnail","7":"category-economia"},"_links":{"self":[{"href":"https:\/\/jms.com.bo\/mediamonitor\/wp-json\/wp\/v2\/posts\/53524","targetHints":{"allow":["GET"]}}],"collection":[{"href":"https:\/\/jms.com.bo\/mediamonitor\/wp-json\/wp\/v2\/posts"}],"about":[{"href":"https:\/\/jms.com.bo\/mediamonitor\/wp-json\/wp\/v2\/types\/post"}],"author":[{"embeddable":true,"href":"https:\/\/jms.com.bo\/mediamonitor\/wp-json\/wp\/v2\/users\/4"}],"replies":[{"embeddable":true,"href":"https:\/\/jms.com.bo\/mediamonitor\/wp-json\/wp\/v2\/comments?post=53524"}],"version-history":[{"count":0,"href":"https:\/\/jms.com.bo\/mediamonitor\/wp-json\/wp\/v2\/posts\/53524\/revisions"}],"wp:featuredmedia":[{"embeddable":true,"href":"https:\/\/jms.com.bo\/mediamonitor\/wp-json\/wp\/v2\/media\/53525"}],"wp:attachment":[{"href":"https:\/\/jms.com.bo\/mediamonitor\/wp-json\/wp\/v2\/media?parent=53524"}],"wp:term":[{"taxonomy":"category","embeddable":true,"href":"https:\/\/jms.com.bo\/mediamonitor\/wp-json\/wp\/v2\/categories?post=53524"},{"taxonomy":"post_tag","embeddable":true,"href":"https:\/\/jms.com.bo\/mediamonitor\/wp-json\/wp\/v2\/tags?post=53524"}],"curies":[{"name":"wp","href":"https:\/\/api.w.org\/{rel}","templated":true}]}}