{"id":53536,"date":"2023-07-05T07:27:25","date_gmt":"2023-07-05T11:27:25","guid":{"rendered":"https:\/\/jms.com.bo\/mediamonitor\/2023\/07\/05\/can-y-olade-firman-convenio-para-fortalecer-la-integracion-energetica-en-la-region\/"},"modified":"2023-07-05T07:27:25","modified_gmt":"2023-07-05T11:27:25","slug":"can-y-olade-firman-convenio-para-fortalecer-la-integracion-energetica-en-la-region","status":"publish","type":"post","link":"https:\/\/jms.com.bo\/mediamonitor\/2023\/07\/05\/can-y-olade-firman-convenio-para-fortalecer-la-integracion-energetica-en-la-region\/","title":{"rendered":"CAN y Olade firman convenio para fortalecer la integraci\u00f3n energ\u00e9tica en la regi\u00f3n"},"content":{"rendered":"<p style=\"text-align: justify;\">Con el objetivo de fortalecer la integraci\u00f3n energ\u00e9tica en la regi\u00f3n y coordinar acciones conjuntas, la Secretar\u00eda General de la Comunidad Andina (CAN) y la Organizaci\u00f3n Latinoamericana de Energ\u00eda (Olade) suscribieron un convenio de cooperaci\u00f3n.<\/p>\n<p style=\"text-align: justify;\">El acuerdo, que fue firmado por el secretario general a.i. de la CAN, Diego Caicedo, y el secretario ejecutivo de Olade, Andr\u00e9s Rebolledo, permitir\u00e1 el desarrollo de estudios, programas y proyectos en \u00e1reas claves como integraci\u00f3n, infraestructura, comercio e informaci\u00f3n estad\u00edstica energ\u00e9tica, el impacto del cambio clim\u00e1tico en la generaci\u00f3n y los precios de la energ\u00eda el\u00e9ctrica, energ\u00edas renovables, eficiencia y acceso energ\u00e9tico para comunidades rurales.<\/p>\n<p style=\"text-align: justify;\">Ambas partes podr\u00e1n utilizar diversas modalidades de colaboraci\u00f3n, que incluyen la formulaci\u00f3n de proyectos de inter\u00e9s com\u00fan, intercambio de informaci\u00f3n y experiencias, capacitaci\u00f3n y fortalecimiento de capacidades, organizaci\u00f3n de reuniones de expertos, elaboraci\u00f3n de publicaciones e investigaciones, entre otros.<\/p>\n<p style=\"text-align: justify;\">Caicedo resalt\u00f3 que, para la Comunidad Andina, la integraci\u00f3n energ\u00e9tica es una prioridad y record\u00f3 que hace pocas semanas, los pa\u00edses a trav\u00e9s del Comit\u00e9 Andino de Organismos Normativos y Organismos Reguladores de Servicios de Electricidad expresaron su conformidad al proyecto.<\/p>\n<p style=\"text-align: justify;\">El proyecto modifica la decisi\u00f3n 816 \u201cMarco regulatorio para la interconexi\u00f3n subregional de sistemas el\u00e9ctricos e intercambio intracomunitario de electricidad\u201d y los tres reglamentos: operativo, comercial y del coordinador regional, con lo cual se podr\u00e1 concretar la vigencia del mercado andino el\u00e9ctrico regional de corto plazo.<\/p>\n<p style=\"text-align: justify;\">Por su parte, Rebolledo explic\u00f3 que el convenio reafirma el compromiso del organismo con la integraci\u00f3n energ\u00e9tica regional y la cooperaci\u00f3n en beneficio de los pa\u00edses andinos, a trav\u00e9s de la colaboraci\u00f3n estrecha y la implementaci\u00f3n de proyectos conjuntos, enfocados en impulsar el desarrollo sostenible, la optimizaci\u00f3n de los recursos energ\u00e9ticos y la seguridad en el suministro el\u00e9ctrico en la regi\u00f3n, seg\u00fan un reporte institucional.<\/p>\n","protected":false},"excerpt":{"rendered":"<p>Con el objetivo de fortalecer la integraci\u00f3n energ\u00e9tica en la regi\u00f3n y coordinar acciones conjuntas, la Secretar\u00eda General de la Comunidad Andina (CAN) y la Organizaci\u00f3n Latinoamericana de Energ\u00eda (Olade) suscribieron un convenio de cooperaci\u00f3n. El acuerdo, que fue firmado por el secretario general a.i. de la CAN, Diego Caicedo, y el secretario ejecutivo de [&hellip;]<\/p>\n","protected":false},"author":4,"featured_media":53537,"comment_status":"open","ping_status":"closed","sticky":false,"template":"","format":"standard","meta":{"footnotes":""},"categories":[39,44,48],"tags":[],"class_list":{"0":"post-53536","1":"post","2":"type-post","3":"status-publish","4":"format-standard","5":"has-post-thumbnail","7":"category-energia","8":"category-portada-energia","9":"category-portada-general-sitio"},"_links":{"self":[{"href":"https:\/\/jms.com.bo\/mediamonitor\/wp-json\/wp\/v2\/posts\/53536","targetHints":{"allow":["GET"]}}],"collection":[{"href":"https:\/\/jms.com.bo\/mediamonitor\/wp-json\/wp\/v2\/posts"}],"about":[{"href":"https:\/\/jms.com.bo\/mediamonitor\/wp-json\/wp\/v2\/types\/post"}],"author":[{"embeddable":true,"href":"https:\/\/jms.com.bo\/mediamonitor\/wp-json\/wp\/v2\/users\/4"}],"replies":[{"embeddable":true,"href":"https:\/\/jms.com.bo\/mediamonitor\/wp-json\/wp\/v2\/comments?post=53536"}],"version-history":[{"count":0,"href":"https:\/\/jms.com.bo\/mediamonitor\/wp-json\/wp\/v2\/posts\/53536\/revisions"}],"wp:featuredmedia":[{"embeddable":true,"href":"https:\/\/jms.com.bo\/mediamonitor\/wp-json\/wp\/v2\/media\/53537"}],"wp:attachment":[{"href":"https:\/\/jms.com.bo\/mediamonitor\/wp-json\/wp\/v2\/media?parent=53536"}],"wp:term":[{"taxonomy":"category","embeddable":true,"href":"https:\/\/jms.com.bo\/mediamonitor\/wp-json\/wp\/v2\/categories?post=53536"},{"taxonomy":"post_tag","embeddable":true,"href":"https:\/\/jms.com.bo\/mediamonitor\/wp-json\/wp\/v2\/tags?post=53536"}],"curies":[{"name":"wp","href":"https:\/\/api.w.org\/{rel}","templated":true}]}}